{"id":510886,"date":"2025-10-19T13:10:12","date_gmt":"2025-10-19T13:10:12","guid":{"rendered":"https:\/\/www.europesays.com\/de\/510886\/"},"modified":"2025-10-19T13:10:12","modified_gmt":"2025-10-19T13:10:12","slug":"premiere-in-moenchengladbach-oper-ueber-das-kz-ausschwitz-und-nazi-verbrechen","status":"publish","type":"post","link":"https:\/\/www.europesays.com\/de\/510886\/","title":{"rendered":"Premiere in M\u00f6nchengladbach Oper \u00fcber das KZ Ausschwitz und Nazi-Verbrechen"},"content":{"rendered":"<p class=\"text_ohne_einzug richtext text-em-55 !leading-serif mx-6 desktop:mx-0\"> Eine Oper \u00fcber Auschwitz: Wie soll es funktionieren, das unfassbare Grauen des schrecklichsten aller Vernichtungslager der Nazis in Musik, diese besonders der \u00c4sthetik verpflichtete Kunstgattung, einzukleiden? Am Theater M\u00f6nchengladbach ist dies zuletzt 2006 mit Stefan Heuckes \u201eDas Frauenorchester von Auschwitz\u201c dennoch gelungen, mit Abstrichen auch 1988 in der KZ-Revue \u201eDie letzte Golem Show\u201c von Yoram Porat. Und nun \u201eDie Passagierin\u201c, die auf einer autobiografischen Erz\u00e4hlung der polnischen Widerstandsk\u00e4mpferin Zofia Posmysz fu\u00dft.<\/p>\n","protected":false},"excerpt":{"rendered":"Eine Oper \u00fcber Auschwitz: Wie soll es funktionieren, das unfassbare Grauen des schrecklichsten aller Vernichtungslager der Nazis in&hellip;\n","protected":false},"author":2,"featured_media":510887,"comment_status":"","ping_status":"","sticky":false,"template":"","format":"standard","meta":{"footnotes":""},"categories":[1849],"tags":[18263,13097,3364,127148,29,548,663,3934,30,82223,13,75159,127147,4455,810,44745,127149,14,15,1209,97,68167,127151,127146,12,23441,127150],"class_list":{"0":"post-510886","1":"post","2":"type-post","3":"status-publish","4":"format-standard","5":"has-post-thumbnail","7":"category-moenchengladbach","8":"tag-auschwitz","9":"tag-bach","10":"tag-de","11":"tag-dedi-baron","12":"tag-deutschland","13":"tag-eu","14":"tag-europa","15":"tag-europe","16":"tag-germany","17":"tag-grauen","18":"tag-headlines","19":"tag-manchengladbach","20":"tag-mieczysaesaw","21":"tag-moenchengladbach","22":"tag-musik","23":"tag-musikdirektor","24":"tag-musikdrama","25":"tag-nachrichten","26":"tag-news","27":"tag-nordrhein-westfalen","28":"tag-oper","29":"tag-opernchor","30":"tag-operninszenierung","31":"tag-passagierin","32":"tag-schlagzeilen","33":"tag-weinberg","34":"tag-widerstandskampferin"},"share_on_mastodon":{"url":"https:\/\/pubeurope.com\/@de\/115401000588952369","error":""},"_links":{"self":[{"href":"https:\/\/www.europesays.com\/de\/wp-json\/wp\/v2\/posts\/510886","targetHints":{"allow":["GET"]}}],"collection":[{"href":"https:\/\/www.europesays.com\/de\/wp-json\/wp\/v2\/posts"}],"about":[{"href":"https:\/\/www.europesays.com\/de\/wp-json\/wp\/v2\/types\/post"}],"author":[{"embeddable":true,"href":"https:\/\/www.europesays.com\/de\/wp-json\/wp\/v2\/users\/2"}],"replies":[{"embeddable":true,"href":"https:\/\/www.europesays.com\/de\/wp-json\/wp\/v2\/comments?post=510886"}],"version-history":[{"count":0,"href":"https:\/\/www.europesays.com\/de\/wp-json\/wp\/v2\/posts\/510886\/revisions"}],"wp:featuredmedia":[{"embeddable":true,"href":"https:\/\/www.europesays.com\/de\/wp-json\/wp\/v2\/media\/510887"}],"wp:attachment":[{"href":"https:\/\/www.europesays.com\/de\/wp-json\/wp\/v2\/media?parent=510886"}],"wp:term":[{"taxonomy":"category","embeddable":true,"href":"https:\/\/www.europesays.com\/de\/wp-json\/wp\/v2\/categories?post=510886"},{"taxonomy":"post_tag","embeddable":true,"href":"https:\/\/www.europesays.com\/de\/wp-json\/wp\/v2\/tags?post=510886"}],"curies":[{"name":"wp","href":"https:\/\/api.w.org\/{rel}","templated":true}]}}