{"id":510894,"date":"2025-10-19T13:14:13","date_gmt":"2025-10-19T13:14:13","guid":{"rendered":"https:\/\/www.europesays.com\/de\/510894\/"},"modified":"2025-10-19T13:14:13","modified_gmt":"2025-10-19T13:14:13","slug":"im-schweizer-zug-giruno-von-mannheim-nach-hamburg-bahnverkehr","status":"publish","type":"post","link":"https:\/\/www.europesays.com\/de\/510894\/","title":{"rendered":"Im Schweizer Zug Giruno von Mannheim nach Hamburg &#8211; Bahnverkehr"},"content":{"rendered":"<p class=\"rhp-dpa-teaser\"><b>Anders als die  Deutsche Bahn ist der Zugverkehr in der  Schweiz bekannt f\u00fcr seine P\u00fcnktlichkeit. Bald  f\u00e4hrt ein  Schweizer  Schnellzug von Mannheim nach Hamburg.<\/b><\/p>\n<p>Im  ICE-Verkehr von <a class=\"rtr-entity\" data-rtr-entity=\"Mannheim\" data-rtr-id=\"8e39f98d121d00ffdaf4f78a2ae2e7dea2653ba7\" data-rtr-score=\"355.1700468018721\" data-rtr-etype=\"location\" data-rtr-index=\"24\" href=\"https:\/\/www.rheinpfalz.de\/lokal\/mannheim.html?utm_source=rheinpfalz.de&amp;utm_medium=tms&amp;utm_campaign=intext\" target=\"_blank\" rel=\"noopener\">Mannheim<\/a> nach <a class=\"rtr-entity\" data-rtr-entity=\"Hamburg\" data-rtr-id=\"9e6264851f895494f7728404530a2b31fea6864f\" data-rtr-score=\"429.9253398707377\" data-rtr-etype=\"location\" data-rtr-index=\"38\" href=\"https:\/\/www.rheinpfalz.de\/themen\/hamburg?utm_source=rheinpfalz.de&amp;utm_medium=tms&amp;utm_campaign=intext\" target=\"_blank\" rel=\"noopener\">Hamburg<\/a> \u00e4ndert sich mit dem Fahrplanwechsel am 14. Dezember einiges. Bisher fahren \u00fcber Mannheim alle zwei Stunden ein <a class=\"rtr-entity\" data-rtr-entity=\"ICE\" data-rtr-id=\"1f9cc6ffc135f9c525640174efaa834b3c62dee4\" data-rtr-score=\"74.88299531981279\" data-rtr-etype=\"organisation\" data-rtr-index=\"70\" href=\"https:\/\/www.rheinpfalz.de\/themen\/ice?utm_source=rheinpfalz.de&amp;utm_medium=tms&amp;utm_campaign=intext\" target=\"_blank\" rel=\"noopener\">ICE<\/a> von <a class=\"rtr-entity\" data-rtr-entity=\"Stuttgart\" data-rtr-id=\"bdcb100100d1ee20d776dd903bb1110a54a1c3c4\" data-rtr-score=\"7.225874749275685\" data-rtr-etype=\"location\" data-rtr-index=\"18\" href=\"https:\/\/www.rheinpfalz.de\/themen\/stuttgart?utm_source=rheinpfalz.de&amp;utm_medium=tms&amp;utm_campaign=intext\" target=\"_blank\" rel=\"noopener\">Stuttgart<\/a> nach Hamburg und einer von <a class=\"rtr-entity\" data-rtr-entity=\"Z\u00fcrich\" data-rtr-id=\"3f9d52ff1f8c660174c0ac44d141cc71e5de0569\" data-rtr-score=\"14.32805883663918\" data-rtr-etype=\"location\" data-rtr-index=\"58\" href=\"https:\/\/www.rheinpfalz.de\/themen\/zuerich?utm_source=rheinpfalz.de&amp;utm_medium=tms&amp;utm_campaign=intext\" target=\"_blank\" rel=\"noopener\">Z\u00fcrich<\/a><\/p>\n<p> nach Hamburg. Die Abfahrtszeiten in Mannheim unterscheiden sich etwas,<\/p>\n<p class=\"\">Bitte loggen Sie sich ein um den Artikel im Klartext zu sehen.<\/p>\n<p class=\"\">ewli edi tarttetSrgu inieL inene berehctsA muz eFurtfrnark uFhefganl hct,ma rde ndur hezn inMentu tsoek.t tsEr ba<\/p>\n<p class=\"\">trFnfkaru gtbi se eenin nlegtta .nttSnudetka Dies dtner\u00e4 hcsi tfignk\u00fc, edr mgUwe  ned aFtrrnfruek hlgFfunea etlln\u00e4f,t edn ngtelat natttudkneS tbgi es etesbir ab mh.eiannM<\/p>\n<p>HamburgMannheimSchweizICESBBMailandBasel<\/p>\n<p><img decoding=\"async\" loading=\"lazy\" src=\"https:\/\/www.europesays.com\/de\/wp-content\/uploads\/2025\/09\/5407804_2_rubrikbig_bahn-header_729px.webp.webp\" alt=\"Unser Bahn-Newsletter erscheint immer mittwochs.\" title=\"Unser Bahn-Newsletter erscheint immer mittwochs.\" width=\"664\" height=\"443\"\/>Kennen Sie schon unseren Bahn-Newsletter?<\/p>\n<p class=\"nfy-teaser-small\">Eckhard Buddruss ist der Bahn-Experte der RHEINPFALZ. In seinem kostenlosen, w\u00f6chentlichen Newsletter informiert er Sie \u00fcber Investitionen, Entwicklungen und Abseitiges bei der Deutschen Bahn und im \u00f6ffentlichen Nahverkehr der Pfalz. F\u00fcr alle, die wissen wollen, wie es mit dem Zugverkehr in der Region weiter geht.<\/p>\n<p class=\"consentReplacerFirst\"><b>An dieser Stelle finden Sie Umfragen von Opinary.<\/b><\/p>\n<p>Um Inhalte von Drittdiensten darzustellen und Ihnen die Interaktion mit diesen zu erm\u00f6glichen, ben\u00f6tigen wir Ihre Zustimmung.<\/p>\n<p>\t\t\t\tFremdinhalte aktivieren<\/p>\n<p class=\"consentReplacerLast\">\n<p>\t\t\t\t\tMit Bet\u00e4tigung des Buttons &#8222;Fremdinhalte aktivieren&#8220; geben Sie Ihre Einwilligung, dass Ihnen Inhalte von Drittanbietern (Soziale Netwerke, Videos und andere Einbindungen) angezeigt werden. Damit k\u00f6nnen personenbezogene Daten an die entsprechenden Anbieter \u00fcbermittelt werden. Dazu ist ggf. die Speicherung von Cookies auf Ihrem Ger\u00e4t notwendig. Mehr Informationen und eine Widerrufsm\u00f6glichkeit finden Sie in unserer <a data-trakken=\"Datenschutz Reconsent\" href=\"https:\/\/www.rheinpfalz.de\/datenschutzerklaerung\" target=\"_self\" class=\"\" rel=\"noopener\">Datenschutzerkl\u00e4rung.<\/a><\/p>\n","protected":false},"excerpt":{"rendered":"Anders als die Deutsche Bahn ist der Zugverkehr in der Schweiz bekannt f\u00fcr seine P\u00fcnktlichkeit. Bald f\u00e4hrt ein&hellip;\n","protected":false},"author":2,"featured_media":510895,"comment_status":"","ping_status":"","sticky":false,"template":"","format":"standard","meta":{"footnotes":""},"categories":[1845],"tags":[1634,4633,5219,3364,2030,29,127152,548,663,3934,3089,2050,30,692,13,2229,12305,2096,14,15,31228,12,293,1441,55,26837],"class_list":{"0":"post-510894","1":"post","2":"type-post","3":"status-publish","4":"format-standard","5":"has-post-thumbnail","7":"category-mannheim","8":"tag-baden-wuerttemberg","9":"tag-basel","10":"tag-db","11":"tag-de","12":"tag-deutsche-bahn","13":"tag-deutschland","14":"tag-ece","15":"tag-eu","16":"tag-europa","17":"tag-europe","18":"tag-flughafen-frankfurt","19":"tag-frankfurt","20":"tag-germany","21":"tag-hamburg","22":"tag-headlines","23":"tag-ice","24":"tag-mailand","25":"tag-mannheim","26":"tag-nachrichten","27":"tag-news","28":"tag-sbb","29":"tag-schlagzeilen","30":"tag-schweiz","31":"tag-stuttgart","32":"tag-wirtschaft","33":"tag-zuerich"},"share_on_mastodon":{"url":"https:\/\/pubeurope.com\/@de\/115401016841602400","error":""},"_links":{"self":[{"href":"https:\/\/www.europesays.com\/de\/wp-json\/wp\/v2\/posts\/510894","targetHints":{"allow":["GET"]}}],"collection":[{"href":"https:\/\/www.europesays.com\/de\/wp-json\/wp\/v2\/posts"}],"about":[{"href":"https:\/\/www.europesays.com\/de\/wp-json\/wp\/v2\/types\/post"}],"author":[{"embeddable":true,"href":"https:\/\/www.europesays.com\/de\/wp-json\/wp\/v2\/users\/2"}],"replies":[{"embeddable":true,"href":"https:\/\/www.europesays.com\/de\/wp-json\/wp\/v2\/comments?post=510894"}],"version-history":[{"count":0,"href":"https:\/\/www.europesays.com\/de\/wp-json\/wp\/v2\/posts\/510894\/revisions"}],"wp:featuredmedia":[{"embeddable":true,"href":"https:\/\/www.europesays.com\/de\/wp-json\/wp\/v2\/media\/510895"}],"wp:attachment":[{"href":"https:\/\/www.europesays.com\/de\/wp-json\/wp\/v2\/media?parent=510894"}],"wp:term":[{"taxonomy":"category","embeddable":true,"href":"https:\/\/www.europesays.com\/de\/wp-json\/wp\/v2\/categories?post=510894"},{"taxonomy":"post_tag","embeddable":true,"href":"https:\/\/www.europesays.com\/de\/wp-json\/wp\/v2\/tags?post=510894"}],"curies":[{"name":"wp","href":"https:\/\/api.w.org\/{rel}","templated":true}]}}