{"id":510911,"date":"2025-10-19T13:23:12","date_gmt":"2025-10-19T13:23:12","guid":{"rendered":"https:\/\/www.europesays.com\/de\/510911\/"},"modified":"2025-10-19T13:23:12","modified_gmt":"2025-10-19T13:23:12","slug":"merklinde-feiert-seine-neue-mitte-quartiersplatz-eroeffnet","status":"publish","type":"post","link":"https:\/\/www.europesays.com\/de\/510911\/","title":{"rendered":"Merklinde feiert seine neue Mitte \u2013 Quartiersplatz er\u00f6ffnet"},"content":{"rendered":"<p>\t\tNeuer Quartiersplatz in Merklinde<br \/>\n\t\t\t\t\tZahlreiche G\u00e4ste feierten die Er\u00f6ffnung am Begegnungszentrum<\/p>\n<p>    <a href=\"https:\/\/www.ruhrnachrichten.de\/wp-content\/uploads\/2025\/10\/17\/14\/630_0900_5189427_-1648x824.jpg\" rel=\"nofollow noopener\" target=\"_blank\"><\/p>\n<p>            <img loading=\"lazy\" decoding=\"async\" src=\"https:\/\/www.europesays.com\/de\/wp-content\/uploads\/2025\/10\/630_0900_5189426_-640x428.jpg\" width=\"640\" height=\"428\"  alt=\"Viele Besucherinnen und Besucher feiern vor dem Begegnungszentrum Harkortschule Merklinde die Er\u00f6ffnung des neuen Quartiersplatzes.\"\/><\/p>\n<p>    <\/a><br \/>\n    Gelungener Auftakt: Zahlreiche G\u00e4ste feierten gemeinsam die Er\u00f6ffnung des neuen Quartiersplatzes vor dem Begegnungszentrum Harkortschule Merklinde. \u00a9 Daniel Sadrowski<\/p>\n<p class=\"article__teaser-text\">Mit einem gelungenen Auftakt hat Merklinde am 10. Oktober die Er\u00f6ffnung seines neuen Quartiersplatzes gefeiert. Dieser soll k\u00fcnftig das Herzst\u00fcck des Stadtteils werden<\/p>\n<p>2 Min Lesezeit<\/p>\n<p>Buntes Fest f\u00fcr alle GenerationenBegegnungszentrum als AusgangspunktStadtentwicklungsprogramm ISEKQuartiersmanagement Merklinde<\/p>\n","protected":false},"excerpt":{"rendered":"Neuer Quartiersplatz in Merklinde Zahlreiche G\u00e4ste feierten die Er\u00f6ffnung am Begegnungszentrum Gelungener Auftakt: Zahlreiche G\u00e4ste feierten gemeinsam die&hellip;\n","protected":false},"author":2,"featured_media":510912,"comment_status":"","ping_status":"","sticky":false,"template":"","format":"standard","meta":{"footnotes":""},"categories":[1839],"tags":[7507,3364,29,127155,30,1209,6185],"class_list":{"0":"post-510911","1":"post","2":"type-post","3":"status-publish","4":"format-standard","5":"has-post-thumbnail","7":"category-bochum","8":"tag-bochum","9":"tag-de","10":"tag-deutschland","11":"tag-eroeffnung-quartierplatz","12":"tag-germany","13":"tag-nordrhein-westfalen","14":"tag-veranstaltungen-kultur"},"share_on_mastodon":{"url":"https:\/\/pubeurope.com\/@de\/115401052177890050","error":""},"_links":{"self":[{"href":"https:\/\/www.europesays.com\/de\/wp-json\/wp\/v2\/posts\/510911","targetHints":{"allow":["GET"]}}],"collection":[{"href":"https:\/\/www.europesays.com\/de\/wp-json\/wp\/v2\/posts"}],"about":[{"href":"https:\/\/www.europesays.com\/de\/wp-json\/wp\/v2\/types\/post"}],"author":[{"embeddable":true,"href":"https:\/\/www.europesays.com\/de\/wp-json\/wp\/v2\/users\/2"}],"replies":[{"embeddable":true,"href":"https:\/\/www.europesays.com\/de\/wp-json\/wp\/v2\/comments?post=510911"}],"version-history":[{"count":0,"href":"https:\/\/www.europesays.com\/de\/wp-json\/wp\/v2\/posts\/510911\/revisions"}],"wp:featuredmedia":[{"embeddable":true,"href":"https:\/\/www.europesays.com\/de\/wp-json\/wp\/v2\/media\/510912"}],"wp:attachment":[{"href":"https:\/\/www.europesays.com\/de\/wp-json\/wp\/v2\/media?parent=510911"}],"wp:term":[{"taxonomy":"category","embeddable":true,"href":"https:\/\/www.europesays.com\/de\/wp-json\/wp\/v2\/categories?post=510911"},{"taxonomy":"post_tag","embeddable":true,"href":"https:\/\/www.europesays.com\/de\/wp-json\/wp\/v2\/tags?post=510911"}],"curies":[{"name":"wp","href":"https:\/\/api.w.org\/{rel}","templated":true}]}}