{"id":510961,"date":"2025-10-19T13:50:20","date_gmt":"2025-10-19T13:50:20","guid":{"rendered":"https:\/\/www.europesays.com\/de\/510961\/"},"modified":"2025-10-19T13:50:20","modified_gmt":"2025-10-19T13:50:20","slug":"schlagerboom-2026-in-dortmund-vorverkauf-gestartet","status":"publish","type":"post","link":"https:\/\/www.europesays.com\/de\/510961\/","title":{"rendered":"Schlagerboom 2026 in Dortmund: Vorverkauf gestartet"},"content":{"rendered":"<p>\t\tSchlagerboom 2026 in Dortmund<br \/>\n\t\t\t\t\tVorverkauf f\u00fcr n\u00e4chstes Jahr bereits gestartet<\/p>\n<p>\t\t<img alt=\"\" src=\"https:\/\/www.europesays.com\/de\/wp-content\/uploads\/2025\/08\/630_0036_1183597_.jpg\"  class=\"avatar avatar-36 photo avatar-default\" height=\"36\" width=\"36\" loading=\"eager\" decoding=\"async\"\/>\t\t<a class=\"article-author__name\" href=\"https:\/\/www.ruhrnachrichten.de\/author\/julien-el-hilali-maerz\/\" rel=\"author noopener\" target=\"_blank\">Julien El Hilali M\u00e4rz<\/a><br \/>\n\t\tFreier Mitarbeiter<\/p>\n<p>    <a href=\"https:\/\/www.ruhrnachrichten.de\/wp-content\/uploads\/2025\/10\/19\/11\/630_0900_5193083_-1648x824.jpg\" target=\"_blank\" rel=\"noopener\"><\/p>\n<p>            <img loading=\"lazy\" decoding=\"async\" src=\"https:\/\/www.europesays.com\/de\/wp-content\/uploads\/2025\/10\/630_0900_5193080_-640x428.jpg\" width=\"640\" height=\"428\"  alt=\"Florian Silbereisen beim Schlagerboom in der Westfalenhalle Dortmund.\"\/><\/p>\n<p>    <\/a><br \/>\n    Der Vorverkauf f\u00fcr den Schlagerboom 2026 ist gestartet. Florian Silbereisen pr\u00e4sentiert dann wieder zahlreiche Schlager-Stars in der Westfalenhalle. \u00a9 Oliver Schaper<\/p>\n<p class=\"article__teaser-text\">Der Schlagerboom kehrt 2026 zur\u00fcck in die Dortmunder Westfalenhalle. Tickets f\u00fcr die Shows im Oktober sind bereits erh\u00e4ltlich.<\/p>\n<p>1 Min Lesezeit<\/p>\n<p>Der <a target=\"_blank\" href=\"https:\/\/www.ruhrnachrichten.de\/dortmund\/schlagerboom-2025-dortmund-stimmung-westfalenhalle-generalprobe-fans-video-warteschlange-w1091143-2001847044\/\" data-imported=\"1\" rel=\"noopener\">Schlagerboom<\/a> z\u00e4hlt zu den festen Gr\u00f6\u00dfen im Veranstaltungskalender der <a target=\"_blank\" href=\"https:\/\/ruhrnachrichten.de\/dortmund\/\" data-imported=\"1\" rel=\"noopener\">Dortmunder<\/a> Westfalenhalle. Immer im Oktober pr\u00e4sentiert Florian Silbereisen das \u201eWho\u00b4s who\u201c der deutschen Schlagerszene.<\/p>\n<p>\t\t<a href=\"https:\/\/www.ruhrnachrichten.de\/dortmund\/schlagerboom-2025-dortmund-stimmung-westfalenhalle-generalprobe-fans-video-warteschlange-w1091143-2001847044\/\" rel=\"nofollow noopener\" aria-hidden=\"true\" tabindex=\"-1\" title=\"Beste Laune vor der gro\u00dfen Party Live-Video von der Schlagerboom-Schlange an der Westfalenhalle\" aria-label=\"Beste Laune vor der gro\u00dfen Party Live-Video von der Schlagerboom-Schlange an der Westfalenhalle\" target=\"_blank\"><\/p>\n<p>                <img fetchpriority=\"high\" decoding=\"async\" src=\"https:\/\/www.europesays.com\/de\/wp-content\/uploads\/2025\/10\/630_0900_5189348_-160x160.jpg\"  width=\"160\" height=\"160\" alt=\"Am Wochenende steigt in den Dortmunder Westfalenhallen der Schlagerboom. Reporter Martin Bytomski berichtet am Freitagnachmittag von der Warteschlange vor der Halle.\" loading=\"lazy\"\/><\/p>\n<p>\t\t<\/a><\/p>\n<p>Noch w\u00e4hrend die diesj\u00e4hrige Ausgabe lief, gingen die Tickets f\u00fcr den Schlagerboom 2026 in den Vorverkauf. Seit dem Wochenende k\u00f6nnen Fans die Karten online und an allen bekannten Vorverkaufsstellen kaufen.<\/p>\n<p>Auch 2026 gibt es wieder zwei Termine in der Dortmunder Westfalenhalle. Am 16. und 17. Oktober (jeweils 20.15 Uhr) finden die Shows statt. Einlass ist zwischen 17.30 und 19.30 Uhr.<\/p>\n<p>Ticketpreise variieren stark<\/p>\n<p>Der Preis eines Tickets variiert je nach Platzgruppe stark. Auf der <a target=\"_blank\" href=\"https:\/\/ticket.westfalenhallen.de\/eventim.webshop\/webticket\/seatmap?eventId=6507&amp;el=true\" rel=\"noopener\">Internetseite der Westfalenhallen<\/a> gibt es die Karten f\u00fcr 75 bis 150 Euro zu kaufen. Tickets f\u00fcr den Freitag sind rund 20 bis 30 Euro g\u00fcnstiger als f\u00fcr den Samstag. Der Freitag gilt als Generalprobe f\u00fcr die Show am Samstagabend, die live in der ARD \u00fcbertragen wird.<\/p>\n<p>\t\t<a href=\"https:\/\/www.ruhrnachrichten.de\/dortmund\/schlager-events-dortmund-2025-oktoberfest-ole-schlagerboom-uwe-kisker-w984217-2001518161\/\" rel=\"nofollow noopener\" aria-hidden=\"true\" tabindex=\"-1\" title=\"Dortmunds beste Schlager-Events Oktoberfest-Moderator Uwe Kisker nennt H\u00f6hepunkte f\u00fcr Fans\" aria-label=\"Dortmunds beste Schlager-Events Oktoberfest-Moderator Uwe Kisker nennt H\u00f6hepunkte f\u00fcr Fans\" target=\"_blank\"><\/p>\n<p>                <img decoding=\"async\" src=\"https:\/\/www.europesays.com\/de\/wp-content\/uploads\/2025\/10\/630_0900_4408221_1005do_Oktoberfest_Tag_5_Schuetze_6381-160x160.jpg\"  width=\"160\" height=\"160\" alt=\"Kult-Moderator Uwe Kisker beim Dortmunder Oktoberfest im Revierpark Wischlingen\" loading=\"lazy\"\/><\/p>\n<p>\t\t<\/a><\/p>\n<p>Welche hochkar\u00e4tigen Schlagerstars im kommenden Jahr neben Florian Silbereisen auf der B\u00fchne stehen werden, ist noch nicht bekannt. Bei der diesj\u00e4hrigen Ausgabe waren unter anderem Andrea Berg, Roland Kaiser, Thomas Anders, Maite Kelly, DJ \u00d6tzi, Mickie Krause und Matthias Reim dabei.<\/p>\n<p>\t\t<a href=\"https:\/\/www.ruhrnachrichten.de\/dortmund\/schlagerboom-2024-dortmund-fotos-riesen-party-viele-stars-florian-silbereisen-westfalenhalle-w950231-2001411171\/\" rel=\"nofollow noopener\" aria-hidden=\"true\" tabindex=\"-1\" title=\"Schlagerboom 2024 in Dortmund Mehr als 150 Fotos der Riesen-Party mit vielen Stars\" aria-label=\"Schlagerboom 2024 in Dortmund Mehr als 150 Fotos der Riesen-Party mit vielen Stars\" target=\"_blank\"><\/p>\n<p>                <img decoding=\"async\" src=\"https:\/\/www.europesays.com\/de\/wp-content\/uploads\/2025\/10\/630_0900_4192415_630_0900_4190176_20241019_do_Schlagerbo-640x428.jpg\"  width=\"640\" height=\"428\" alt=\"\" loading=\"lazy\"\/><\/p>\n<p>\t\t<\/a><\/p>\n","protected":false},"excerpt":{"rendered":"Schlagerboom 2026 in Dortmund Vorverkauf f\u00fcr n\u00e4chstes Jahr bereits gestartet Julien El Hilali M\u00e4rz Freier Mitarbeiter Der Vorverkauf&hellip;\n","protected":false},"author":2,"featured_media":510962,"comment_status":"","ping_status":"","sticky":false,"template":"","format":"standard","meta":{"footnotes":""},"categories":[1833],"tags":[3364,29,217,30,1209,6185,101380],"class_list":{"0":"post-510961","1":"post","2":"type-post","3":"status-publish","4":"format-standard","5":"has-post-thumbnail","7":"category-dortmund","8":"tag-de","9":"tag-deutschland","10":"tag-dortmund","11":"tag-germany","12":"tag-nordrhein-westfalen","13":"tag-veranstaltungen-kultur","14":"tag-westfalenhalle"},"share_on_mastodon":{"url":"https:\/\/pubeurope.com\/@de\/115401157962353617","error":""},"_links":{"self":[{"href":"https:\/\/www.europesays.com\/de\/wp-json\/wp\/v2\/posts\/510961","targetHints":{"allow":["GET"]}}],"collection":[{"href":"https:\/\/www.europesays.com\/de\/wp-json\/wp\/v2\/posts"}],"about":[{"href":"https:\/\/www.europesays.com\/de\/wp-json\/wp\/v2\/types\/post"}],"author":[{"embeddable":true,"href":"https:\/\/www.europesays.com\/de\/wp-json\/wp\/v2\/users\/2"}],"replies":[{"embeddable":true,"href":"https:\/\/www.europesays.com\/de\/wp-json\/wp\/v2\/comments?post=510961"}],"version-history":[{"count":0,"href":"https:\/\/www.europesays.com\/de\/wp-json\/wp\/v2\/posts\/510961\/revisions"}],"wp:featuredmedia":[{"embeddable":true,"href":"https:\/\/www.europesays.com\/de\/wp-json\/wp\/v2\/media\/510962"}],"wp:attachment":[{"href":"https:\/\/www.europesays.com\/de\/wp-json\/wp\/v2\/media?parent=510961"}],"wp:term":[{"taxonomy":"category","embeddable":true,"href":"https:\/\/www.europesays.com\/de\/wp-json\/wp\/v2\/categories?post=510961"},{"taxonomy":"post_tag","embeddable":true,"href":"https:\/\/www.europesays.com\/de\/wp-json\/wp\/v2\/tags?post=510961"}],"curies":[{"name":"wp","href":"https:\/\/api.w.org\/{rel}","templated":true}]}}