{"id":511030,"date":"2025-10-19T14:28:12","date_gmt":"2025-10-19T14:28:12","guid":{"rendered":"https:\/\/www.europesays.com\/de\/511030\/"},"modified":"2025-10-19T14:28:12","modified_gmt":"2025-10-19T14:28:12","slug":"polizei-stoppt-baumfaellungen-am-schlossberg","status":"publish","type":"post","link":"https:\/\/www.europesays.com\/de\/511030\/","title":{"rendered":"Polizei stoppt Baumf\u00e4llungen am Schlossberg"},"content":{"rendered":"<p class=\"bold\">\n\t\t\t\t\t\t\t\t\t\tDas Areal geh\u00f6rt zu einem europarechtlich gesch\u00fctzten Natura 2000-Gebiet. Darf hier die S\u00e4ge angesetzt werden? Und welche Rolle spielt das Landratsamt Mittelsachsen dabei?\t\t\t\t<\/p>\n<p>\t\t\t\t Die Polizei hat am 13. Oktober dieses Jahres F\u00e4llarbeiten im Wald unterhalb von Schloss Lichtenwalde gestoppt. Das hat Doreen Stein von der Polizeidirektion Chemnitz best\u00e4tigt. \u201eDie Arbeiten wurden am Montag zun\u00e4chst eingestellt, um eine weitere Kl\u00e4rung der Sachlage \u00fcber die Landesdirektion herbeizuf\u00fchren\u201c, so die<\/p>\n<p>\t\t<img decoding=\"async\" class=\"fp-plus-logo\" src=\"https:\/\/www.freiepresse.de\/img\/fpplus.svg\" alt=\"Freie Presse plus Logo\"\/><\/p>\n<p>Registrieren und testen.<\/p>\n<p>Jetzt mit Ihrer Registrierung 1 Monat gratis testen und alle Beitr\u00e4ge lesen.<\/p>\n<p>Schon Abonnent? Melden Sie sich mit ihren Zugangsdaten an.<\/p>\n","protected":false},"excerpt":{"rendered":"Das Areal geh\u00f6rt zu einem europarechtlich gesch\u00fctzten Natura 2000-Gebiet. Darf hier die S\u00e4ge angesetzt werden? Und welche Rolle&hellip;\n","protected":false},"author":2,"featured_media":511031,"comment_status":"","ping_status":"","sticky":false,"template":"","format":"standard","meta":{"footnotes":""},"categories":[1851],"tags":[2770,3364,29,548,663,3934,30,13,2839,14,15,859,12],"class_list":{"0":"post-511030","1":"post","2":"type-post","3":"status-publish","4":"format-standard","5":"has-post-thumbnail","7":"category-chemnitz","8":"tag-chemnitz","9":"tag-de","10":"tag-deutschland","11":"tag-eu","12":"tag-europa","13":"tag-europe","14":"tag-germany","15":"tag-headlines","16":"tag-kommunalpolitik","17":"tag-nachrichten","18":"tag-news","19":"tag-sachsen","20":"tag-schlagzeilen"},"share_on_mastodon":{"url":"https:\/\/pubeurope.com\/@de\/115401307550271014","error":""},"_links":{"self":[{"href":"https:\/\/www.europesays.com\/de\/wp-json\/wp\/v2\/posts\/511030","targetHints":{"allow":["GET"]}}],"collection":[{"href":"https:\/\/www.europesays.com\/de\/wp-json\/wp\/v2\/posts"}],"about":[{"href":"https:\/\/www.europesays.com\/de\/wp-json\/wp\/v2\/types\/post"}],"author":[{"embeddable":true,"href":"https:\/\/www.europesays.com\/de\/wp-json\/wp\/v2\/users\/2"}],"replies":[{"embeddable":true,"href":"https:\/\/www.europesays.com\/de\/wp-json\/wp\/v2\/comments?post=511030"}],"version-history":[{"count":0,"href":"https:\/\/www.europesays.com\/de\/wp-json\/wp\/v2\/posts\/511030\/revisions"}],"wp:featuredmedia":[{"embeddable":true,"href":"https:\/\/www.europesays.com\/de\/wp-json\/wp\/v2\/media\/511031"}],"wp:attachment":[{"href":"https:\/\/www.europesays.com\/de\/wp-json\/wp\/v2\/media?parent=511030"}],"wp:term":[{"taxonomy":"category","embeddable":true,"href":"https:\/\/www.europesays.com\/de\/wp-json\/wp\/v2\/categories?post=511030"},{"taxonomy":"post_tag","embeddable":true,"href":"https:\/\/www.europesays.com\/de\/wp-json\/wp\/v2\/tags?post=511030"}],"curies":[{"name":"wp","href":"https:\/\/api.w.org\/{rel}","templated":true}]}}