{"id":511039,"date":"2025-10-19T14:33:13","date_gmt":"2025-10-19T14:33:13","guid":{"rendered":"https:\/\/www.europesays.com\/de\/511039\/"},"modified":"2025-10-19T14:33:13","modified_gmt":"2025-10-19T14:33:13","slug":"augsburg-aggressiver-mann-35-attackiert-und-leistet-widerstand-regional","status":"publish","type":"post","link":"https:\/\/www.europesays.com\/de\/511039\/","title":{"rendered":"Augsburg: Aggressiver Mann (35) attackiert und leistet Widerstand | Regional"},"content":{"rendered":"<p>Augsburg \u2013 <b>Ein 35-J\u00e4hriger sorgte am 19.10.2025 in der Innenstadt f\u00fcr Chaos.<\/b><\/p>\n<p>Gegen 01:00 Uhr geriet der 35-J\u00e4hrige in der Viktoriastra\u00dfe mit einem 27-J\u00e4hrigen in Streit, nachdem er angeblich einen Stein auf dessen Auto geworfen hatte. Der 35-J\u00e4hrige griff den J\u00fcngeren an, schlug und bespuckte ihn.<\/p>\n<p>Als die Polizei eintraf, blieb der Mann aggressiv. Die Beamten mussten ihn fesseln, da er erheblichen Widerstand leistete und sich losrei\u00dfen wollte. Ein Polizist wurde dabei leicht verletzt. Der Randalierer landete schlie\u00dflich im Arrest.<\/p>\n<p>Die Polizei ermittelt nun wegen Sachbesch\u00e4digung, K\u00f6rperverletzung, Beleidigung und Widerstands gegen Vollstreckungsbeamte.<\/p>\n<p>Dieser Text basiert auf einer offiziellen Beh\u00f6rden-Information und wurde mit Hilfe von KI erstellt.<\/p>\n","protected":false},"excerpt":{"rendered":"Augsburg \u2013 Ein 35-J\u00e4hriger sorgte am 19.10.2025 in der Innenstadt f\u00fcr Chaos. Gegen 01:00 Uhr geriet der 35-J\u00e4hrige&hellip;\n","protected":false},"author":2,"featured_media":464098,"comment_status":"","ping_status":"","sticky":false,"template":"","format":"standard","meta":{"footnotes":""},"categories":[1846],"tags":[680,772,3364,29,548,663,3934,30,1000,13,2509,14,15,12,45,9026,1995],"class_list":{"0":"post-511039","1":"post","2":"type-post","3":"status-publish","4":"format-standard","5":"has-post-thumbnail","7":"category-augsburg","8":"tag-augsburg","9":"tag-bayern","10":"tag-de","11":"tag-deutschland","12":"tag-eu","13":"tag-europa","14":"tag-europe","15":"tag-germany","16":"tag-gewalt","17":"tag-headlines","18":"tag-ki-ots","19":"tag-nachrichten","20":"tag-news","21":"tag-schlagzeilen","22":"tag-texttospeech","23":"tag-vandalismus","24":"tag-verbrechen"},"share_on_mastodon":{"url":"https:\/\/pubeurope.com\/@de\/115401326934947085","error":""},"_links":{"self":[{"href":"https:\/\/www.europesays.com\/de\/wp-json\/wp\/v2\/posts\/511039","targetHints":{"allow":["GET"]}}],"collection":[{"href":"https:\/\/www.europesays.com\/de\/wp-json\/wp\/v2\/posts"}],"about":[{"href":"https:\/\/www.europesays.com\/de\/wp-json\/wp\/v2\/types\/post"}],"author":[{"embeddable":true,"href":"https:\/\/www.europesays.com\/de\/wp-json\/wp\/v2\/users\/2"}],"replies":[{"embeddable":true,"href":"https:\/\/www.europesays.com\/de\/wp-json\/wp\/v2\/comments?post=511039"}],"version-history":[{"count":0,"href":"https:\/\/www.europesays.com\/de\/wp-json\/wp\/v2\/posts\/511039\/revisions"}],"wp:featuredmedia":[{"embeddable":true,"href":"https:\/\/www.europesays.com\/de\/wp-json\/wp\/v2\/media\/464098"}],"wp:attachment":[{"href":"https:\/\/www.europesays.com\/de\/wp-json\/wp\/v2\/media?parent=511039"}],"wp:term":[{"taxonomy":"category","embeddable":true,"href":"https:\/\/www.europesays.com\/de\/wp-json\/wp\/v2\/categories?post=511039"},{"taxonomy":"post_tag","embeddable":true,"href":"https:\/\/www.europesays.com\/de\/wp-json\/wp\/v2\/tags?post=511039"}],"curies":[{"name":"wp","href":"https:\/\/api.w.org\/{rel}","templated":true}]}}