{"id":511040,"date":"2025-10-19T14:34:12","date_gmt":"2025-10-19T14:34:12","guid":{"rendered":"https:\/\/www.europesays.com\/de\/511040\/"},"modified":"2025-10-19T14:34:12","modified_gmt":"2025-10-19T14:34:12","slug":"zwischen-sekt-und-stylistin-mannheim","status":"publish","type":"post","link":"https:\/\/www.europesays.com\/de\/511040\/","title":{"rendered":"Zwischen Sekt und Stylistin &#8211; Mannheim"},"content":{"rendered":"<p class=\"rhp-dpa-teaser\"><b>Die Zahl der Trauungen sinkt, Hochzeitsmessen liegen aber im Trend. Bei der \u201eTrau\u201c in der Maimarkthalle lernt man, weshalb Heiraten prunkvoller, \u00fcberladener und teurer wird.<\/b><\/p>\n<p>Samstag, kurz vor 10 Uhr: Am Eingang der Halle stehen erwartungsvoll dreinblickende P\u00e4rchen. Einige mit den Schwiegereltern im Schlepptau, andere sogar bereits mit Nachwuchs. Der macht sich begeistert \u00fcber das kostenlose Popcorn her. Die Standbetreiber, meist Frauen, sind adrett gekleidet. Im Gewirr zwischen Stimmen und Musik von ambitionierten Alleinunterhaltern gehen die Sprachfetzen ineinander \u00fcber. \u201eHaben Sie passende Musik?\u201c \u201eDie richtigen Trauringe schon gefunden?\u201c \u201eSind Sie sicher, dass Sie einen guten Fotografen haben?\u201c<\/p>\n<p>Es brummt rund um die St\u00e4nde der 180 Aussteller. \u201eTatjanas Brautkleider\u201c aus <a class=\"rtr-entity\" data-rtr-entity=\"Ramstein\" data-rtr-id=\"c55d20890f027624ccedba2d40fdf664b452d6ca\" data-rtr-score=\"5.91296928327645\" data-rtr-etype=\"location\" data-rtr-index=\"8\" href=\"https:\/\/www.rheinpfalz.de\/themen\/ramstein?utm_source=rheinpfalz.de&amp;utm_medium=tms&amp;utm_campaign=intext\" target=\"_blank\" rel=\"noopener\">Ramstein<\/a> geh\u00f6ren schon zum \u201eInventar\u201c der Messe. Hochzeitstylistin Anna Weishaar-Fischer aus <a class=\"rtr-entity\" data-rtr-entity=\"Carlsberg\" data-rtr-id=\"516eabc91f8b34e37162c49de0707ed6d74172f5\" data-rtr-score=\"5.674914675767918\" data-rtr-etype=\"location\" data-rtr-index=\"6\" href=\"https:\/\/www.rheinpfalz.de\/themen\/carlsberg?utm_source=rheinpfalz.de&amp;utm_medium=tms&amp;utm_campaign=intext\" target=\"_blank\" rel=\"noopener\">Carlsberg<\/a> bietet neben Kosmetik ein SOS-Kit mit Lippenstift und Spiegel f\u00fcr vergessliche Br\u00e4ute an. Aber auch Neuheiten wie die kleine Firma Safe Haven aus <a class=\"rtr-entity\" data-rtr-entity=\"R\u00f6merberg\" data-rtr-id=\"5124d2a4eaf481d1a8c457b3e984f6db882c5af2\" data-rtr-score=\"5.275597269624574\" data-rtr-etype=\"location\" data-rtr-index=\"7\" href=\"https:\/\/www.rheinpfalz.de\/themen\/roemerberg?utm_source=rheinpfalz.de&amp;utm_medium=tms&amp;utm_campaign=intext\" target=\"_blank\" rel=\"noopener\">R\u00f6merberg<\/a> finden ihre Interessenten. Ein T\u00e4towierer mit dem K\u00fcnstlernamen Flo De l\u00e4sst sein Maschinchen direkt auf Hochzeitsfeiern surren. <\/p>\n<p>Wer auf Nummer sicher gehen m\u00f6chte, wendet sich an einen \u201eWedding Planner\u201c. Christine Stuber aus dem pf\u00e4lzischen Niederkirchen beispielsweise bietet ihr VIP-Paket unter dem Namen \u201eSay Yes to No Stress\u201c (Sag ja zu null Stress). \u201eEvents so individuell wie Eure Liebe\u201c hei\u00dft ihr Slogan. Inmitten des gesch\u00e4ftigen Treibens steht etwas verlassen Pfarrer Hansj\u00f6rg J\u00f6rger. Der evangelische Geistliche aus Mannheim-Rheinau r\u00fchrt die Werbetrommel f\u00fcr den Bund des Lebens, wie er immer weniger gefeiert wird: in den christlichen Kirchen. <\/p>\n<p>Anderes scheint nicht wirklich aus der echten Welt zu stammen. Die Marken der Kleider und Anz\u00fcge, die feilgeboten werden, tragen schr\u00e4ge Fantasienamen. Anprobieren kann man auf der Messe \u00fcbrigens nichts. Das g\u00e4be zu lange Schlangen. Man muss Termine vereinbaren in den Ateliers. <\/p>\n<p>Die erwartungsvolle Suche nach der angek\u00fcndigten nachhaltigen \u201eGreen Wedding\u201c (gr\u00fcne Hochzeit) und der fortschreitenden Digitalisierung von Festivit\u00e4ten verl\u00e4uft schneller als gedacht. Ein Stand bietet ein digitales G\u00e4stebuch, das sp\u00e4ter dann doch in Papierform verschickt wird. Ein Aussteller preist vegane Kost an, ein anderer verwendet die schillernde Deko mehrfach. <\/p>\n<p>Es ist Nachmittag. Die Zahl der jungen Damen  mit Sekt in der Hand nimmt zu. Sie kommen aus der Metropolregion oder der Pfalz. Sie sind hier, weil man im Internet zwar alles f\u00fcr die perfekte Hochzeitsparty googeln kann, aber halt nichts anfassen oder testen. Manche haben schon das Standesamt hinter sich, jetzt muss noch die Feier kommen. <\/p>\n<p>F\u00fcr die Party machen die Brautleute, deren Durchschnittsalter bundesweit inzwischen weit \u00fcber 30 Jahren liegt, eine Menge Geld locker. 15.000 Euro ist das Minimum, das man zu h\u00f6ren bekommt. Mit Zus\u00e4tzen wie: \u201eMal sehen, ob das wirklich reicht\u201c und \u201eGeht das nicht allen so?\u201c Und wer bezahlt die Zeche? Es wird gespart, die Familie legt zusammen oder Opa unterst\u00fctzt.<\/p>\n","protected":false},"excerpt":{"rendered":"Die Zahl der Trauungen sinkt, Hochzeitsmessen liegen aber im Trend. Bei der \u201eTrau\u201c in der Maimarkthalle lernt man,&hellip;\n","protected":false},"author":2,"featured_media":511041,"comment_status":"","ping_status":"","sticky":false,"template":"","format":"standard","meta":{"footnotes":""},"categories":[1845],"tags":[127189,1634,35889,3364,29,548,663,3934,30,13,4060,2096,14,15,27102,17316,12,12877],"class_list":{"0":"post-511040","1":"post","2":"type-post","3":"status-publish","4":"format-standard","5":"has-post-thumbnail","7":"category-mannheim","8":"tag-anna-weishaar-fischer","9":"tag-baden-wuerttemberg","10":"tag-carlsberg","11":"tag-de","12":"tag-deutschland","13":"tag-eu","14":"tag-europa","15":"tag-europe","16":"tag-germany","17":"tag-headlines","18":"tag-lokal","19":"tag-mannheim","20":"tag-nachrichten","21":"tag-news","22":"tag-ramstein","23":"tag-roemerberg","24":"tag-schlagzeilen","25":"tag-wedding"},"share_on_mastodon":{"url":"https:\/\/pubeurope.com\/@de\/115401330951290778","error":""},"_links":{"self":[{"href":"https:\/\/www.europesays.com\/de\/wp-json\/wp\/v2\/posts\/511040","targetHints":{"allow":["GET"]}}],"collection":[{"href":"https:\/\/www.europesays.com\/de\/wp-json\/wp\/v2\/posts"}],"about":[{"href":"https:\/\/www.europesays.com\/de\/wp-json\/wp\/v2\/types\/post"}],"author":[{"embeddable":true,"href":"https:\/\/www.europesays.com\/de\/wp-json\/wp\/v2\/users\/2"}],"replies":[{"embeddable":true,"href":"https:\/\/www.europesays.com\/de\/wp-json\/wp\/v2\/comments?post=511040"}],"version-history":[{"count":0,"href":"https:\/\/www.europesays.com\/de\/wp-json\/wp\/v2\/posts\/511040\/revisions"}],"wp:featuredmedia":[{"embeddable":true,"href":"https:\/\/www.europesays.com\/de\/wp-json\/wp\/v2\/media\/511041"}],"wp:attachment":[{"href":"https:\/\/www.europesays.com\/de\/wp-json\/wp\/v2\/media?parent=511040"}],"wp:term":[{"taxonomy":"category","embeddable":true,"href":"https:\/\/www.europesays.com\/de\/wp-json\/wp\/v2\/categories?post=511040"},{"taxonomy":"post_tag","embeddable":true,"href":"https:\/\/www.europesays.com\/de\/wp-json\/wp\/v2\/tags?post=511040"}],"curies":[{"name":"wp","href":"https:\/\/api.w.org\/{rel}","templated":true}]}}