{"id":511078,"date":"2025-10-19T14:54:12","date_gmt":"2025-10-19T14:54:12","guid":{"rendered":"https:\/\/www.europesays.com\/de\/511078\/"},"modified":"2025-10-19T14:54:12","modified_gmt":"2025-10-19T14:54:12","slug":"frauen-bundesliga-nationalspielerin-lena-oberdorf-wieder-am-knie-verletzt-deutschland-welt","status":"publish","type":"post","link":"https:\/\/www.europesays.com\/de\/511078\/","title":{"rendered":"Frauen-Bundesliga: Nationalspielerin Lena Oberdorf wieder am Knie verletzt &#8211; Deutschland &#038; Welt"},"content":{"rendered":"<p>M\u00fcnchen (dpa) \u2013 Fu\u00dfball-Nationalspielerin Lena Oberdorf hat sich erneut am Knie verletzt. Die 23-J\u00e4hrige musste beim Bundesliga-Spiel des deutschen Meisters gegen den 1. FC K\u00f6ln nach einem Zusammenprall fr\u00fch ausgewechselt werden. Oberdorf sollte bei den Nations-League-Spielen der deutschen Frauen gegen Frankreich am Freitag in D\u00fcsseldorf oder am Dienstag darauf in Caen eigentlich ihr Comeback geben.<\/p>\n<p>Wieder das rechte Knie betroffen<\/p>\n<p>Erstmals seit ihrem Kreuzbandriss vor den Olympischen Spielen 2024 steht die Weltklasse-Mittelfeldspielerin jedenfalls wieder im Kader von Bundestrainer Christian W\u00fcck. Oberdorf verlie\u00df mit verbundenem rechten Knie und gest\u00fctzt auf Betreuern den Platz auf dem Bayern-Campus. Auch bei ihrer schweren Verletzung war das rechte Knie betroffen. Sie hatte nicht nur die Sommerspiele, sondern auch die Europameisterschaft im Sommer in der Schweiz verpasst.<\/p>\n<p>\u00a9 dpa-infocom, dpa:251019-930-181549\/1<\/p>\n","protected":false},"excerpt":{"rendered":"M\u00fcnchen (dpa) \u2013 Fu\u00dfball-Nationalspielerin Lena Oberdorf hat sich erneut am Knie verletzt. Die 23-J\u00e4hrige musste beim Bundesliga-Spiel des&hellip;\n","protected":false},"author":2,"featured_media":511079,"comment_status":"","ping_status":"","sticky":false,"template":"","format":"standard","meta":{"footnotes":""},"categories":[2],"tags":[623,331,3924,332,3922,5622,299,3364,29,458,3236,30,13,4823,1268,14,3923,15,3921,12,265,931],"class_list":{"0":"post-511078","1":"post","2":"type-post","3":"status-publish","4":"format-standard","5":"has-post-thumbnail","7":"category-deutschland","8":"tag-1-fc-koeln","9":"tag-aktuelle-nachrichten","10":"tag-aktuelle-nachrichten-aus-deutschland","11":"tag-aktuelle-news","12":"tag-aktuelle-news-aus-deutschland","13":"tag-bayer-leverkusen","14":"tag-bundesliga","15":"tag-de","16":"tag-deutschland","17":"tag-fc-bayern-muenchen","18":"tag-frauen","19":"tag-germany","20":"tag-headlines","21":"tag-meldung","22":"tag-muenchen","23":"tag-nachrichten","24":"tag-nachrichten-aus-deutschland","25":"tag-news","26":"tag-news-aus-deutschland","27":"tag-schlagzeilen","28":"tag-sport","29":"tag-vfl-wolfsburg"},"share_on_mastodon":{"url":"https:\/\/pubeurope.com\/@de\/115401409565695305","error":""},"_links":{"self":[{"href":"https:\/\/www.europesays.com\/de\/wp-json\/wp\/v2\/posts\/511078","targetHints":{"allow":["GET"]}}],"collection":[{"href":"https:\/\/www.europesays.com\/de\/wp-json\/wp\/v2\/posts"}],"about":[{"href":"https:\/\/www.europesays.com\/de\/wp-json\/wp\/v2\/types\/post"}],"author":[{"embeddable":true,"href":"https:\/\/www.europesays.com\/de\/wp-json\/wp\/v2\/users\/2"}],"replies":[{"embeddable":true,"href":"https:\/\/www.europesays.com\/de\/wp-json\/wp\/v2\/comments?post=511078"}],"version-history":[{"count":0,"href":"https:\/\/www.europesays.com\/de\/wp-json\/wp\/v2\/posts\/511078\/revisions"}],"wp:featuredmedia":[{"embeddable":true,"href":"https:\/\/www.europesays.com\/de\/wp-json\/wp\/v2\/media\/511079"}],"wp:attachment":[{"href":"https:\/\/www.europesays.com\/de\/wp-json\/wp\/v2\/media?parent=511078"}],"wp:term":[{"taxonomy":"category","embeddable":true,"href":"https:\/\/www.europesays.com\/de\/wp-json\/wp\/v2\/categories?post=511078"},{"taxonomy":"post_tag","embeddable":true,"href":"https:\/\/www.europesays.com\/de\/wp-json\/wp\/v2\/tags?post=511078"}],"curies":[{"name":"wp","href":"https:\/\/api.w.org\/{rel}","templated":true}]}}