{"id":511088,"date":"2025-10-19T15:00:13","date_gmt":"2025-10-19T15:00:13","guid":{"rendered":"https:\/\/www.europesays.com\/de\/511088\/"},"modified":"2025-10-19T15:00:13","modified_gmt":"2025-10-19T15:00:13","slug":"bayern-bitter-und-tut-weh-nuernberg-hadert-mit-remis-gegen-kiel","status":"publish","type":"post","link":"https:\/\/www.europesays.com\/de\/511088\/","title":{"rendered":"Bayern: &#8222;Bitter und tut weh&#8220;: N\u00fcrnberg hadert mit Remis gegen Kiel"},"content":{"rendered":"<p>                    Bayern<br \/>\n                &#8222;Bitter und tut weh&#8220;: N\u00fcrnberg hadert mit Remis gegen Kiel<\/p>\n<p>\t\t\t\t              19.10.2025, 16:49 Uhr<\/p>\n<p><strong>Bis kurz vor Schluss sah der 1. FC N\u00fcrnberg gegen Kiel wie der Sieger aus &#8211; es w\u00e4re ein kleiner Befreiungsschlag gewesen f\u00fcr die Franken. Doch dann folgte doch noch ein D\u00e4mpfer f\u00fcr die Klose-Truppe.<\/strong><\/p>\n<p>N\u00fcrnberg (dpa\/lby) &#8211; Einen Grund zur Freude hatten die Anh\u00e4nger des 1. FC N\u00fcrnberg nach dem \u00e4rgerlichen Unentschieden gegen Holstein Kiel dann doch noch. Als sich die &#8222;Club&#8220;-Spieler entt\u00e4uscht vor der Kurve verabschiedeten, wurde auf der Stadionleinwand das 0:6 von Erzrivale Greuther F\u00fcrth in Elversberg eingeblendet. Ein kurzer Jubel ging durch das Max-Morlock-Stadion.<\/p>\n<p>Die N\u00fcrnberger hatten es davor wegen eines sp\u00e4ten Gegentors verpasst, selbst f\u00fcr ausgelassene Stimmung zu sorgen. &#8222;Das ist bitter und tut weh&#8220;, sagte Julian Justvan zum 1:1 (1:0) gegen die Norddeutschen. Nach dem Premierentreffer von Mohamed Zoma in der 28. Minute hatte es lange nach dem zweiten FCN-Erfolg nacheinander ausgehen. Doch in der Schlussphase lie\u00dfen sich die Hausherren einmal \u00fcberrumpeln und Kiels Verteidiger Carl Johansson k\u00f6pfte zum Ausgleich ein (86.). Von einem &#8222;verdienten Unentschieden&#8220; sprach danach N\u00fcrnberg-Trainer Miroslav Klose.<\/p>\n<p>Weiter nur ein Punkt Vorsprung auf Relegationsrang<\/p>\n<p>Durch den sp\u00e4ten D\u00e4mpfer verpassten es die Franken, in der Tabelle zu Kiel aufzuschlie\u00dfen und den Abstand zur Abstiegszone zu vergr\u00f6\u00dfern. Den FCN auf Platz 15 trennt weiterhin nur ein Z\u00e4hler vom Relegationsrang.<\/p>\n<p>Der Schwung vom erl\u00f6senden 3:2 vor der L\u00e4nderspielpause in D\u00fcsseldorf ist damit wieder etwas verpufft. Dabei sah es vor 31.079 Zuschauern lange gut aus: In einer Partie auf \u00fcberschaubarem Niveau nutzte Zoma einen Fehler der Kieler zum 1:0: Er erlief einen &#8211; eher zuf\u00e4lligen &#8211; Steilpass von Justvan und drosch den Ball unter die Querlatte. Es war das erste Tor des 21-J\u00e4hrigen, der im Sommer aus der dritten italienischen Liga nach N\u00fcrnberg gekommen war.<\/p>\n<p>Zoma wird zum tragischen Helden<\/p>\n<p>Doch der Italo-Ivorer wurde zum tragischen Helden: Kurz vor der Pause traf er per Direktabnahme aus kurzer Distanz nur die Querlatte (42.). Nach dem Seitenwechsel war er bei einer Parade des Kieler Torwarts zu \u00fcberrascht \u00fcber den Abpraller vor seine F\u00fc\u00dfe und schoss \u00fcberhastet \u00fcber das Tor (57.).<\/p>\n<p>Justvan mochte seinem Offensiv-Nebenmann keinen Vorwurf machen. Ganz generell meinte er aber: &#8222;Was uns die ganze Saison schon begleitet, das ist die Chancenverwertung.&#8220; Man m\u00fcsse seine M\u00f6glichkeiten einfach besser nutzen, wie etwa in D\u00fcsseldorf. Wenn das nicht gelingt, &#8222;dann siehst du in der Liga, dass das nicht genug ist&#8220;, res\u00fcmierte der St\u00fcrmer.<\/p>\n<p>Johansson bestraft N\u00fcrnberg kurz vor Schluss<\/p>\n<p>So folgte am Ende die Quittung: Bei einer Flanke von Alexander Bernhardsson wurde Johansson am langen Pfosten allein gelassen, und der aufger\u00fcckte Kiel-Verteidiger lie\u00df sich die M\u00f6glichkeit per Kopf nicht entgehen. &#8222;Wir m\u00fcssen einfach schlauer sein und gucken, dass wir das Ding zu Ende verteidigen&#8220;, sagte Justvan. Kapit\u00e4n Fabio Gruber meinte: &#8222;Das ist \u00e4rgerlich.&#8220; Immerhin war es nicht so \u00e4rgerlich wie das 0:6-Debakel von Lokalrivale Greuther F\u00fcrth.<\/p>\n","protected":false},"excerpt":{"rendered":"Bayern &#8222;Bitter und tut weh&#8220;: N\u00fcrnberg hadert mit Remis gegen Kiel 19.10.2025, 16:49 Uhr Bis kurz vor Schluss&hellip;\n","protected":false},"author":2,"featured_media":511089,"comment_status":"","ping_status":"","sticky":false,"template":"","format":"standard","meta":{"footnotes":""},"categories":[1837],"tags":[772,127194,3364,29,30,4949,3783,33883],"class_list":{"0":"post-511088","1":"post","2":"type-post","3":"status-publish","4":"format-standard","5":"has-post-thumbnail","7":"category-nuernberg","8":"tag-bayern","9":"tag-bitter","10":"tag-de","11":"tag-deutschland","12":"tag-germany","13":"tag-kiel","14":"tag-nuernberg","15":"tag-remis"},"share_on_mastodon":{"url":"https:\/\/pubeurope.com\/@de\/115401432976146989","error":""},"_links":{"self":[{"href":"https:\/\/www.europesays.com\/de\/wp-json\/wp\/v2\/posts\/511088","targetHints":{"allow":["GET"]}}],"collection":[{"href":"https:\/\/www.europesays.com\/de\/wp-json\/wp\/v2\/posts"}],"about":[{"href":"https:\/\/www.europesays.com\/de\/wp-json\/wp\/v2\/types\/post"}],"author":[{"embeddable":true,"href":"https:\/\/www.europesays.com\/de\/wp-json\/wp\/v2\/users\/2"}],"replies":[{"embeddable":true,"href":"https:\/\/www.europesays.com\/de\/wp-json\/wp\/v2\/comments?post=511088"}],"version-history":[{"count":0,"href":"https:\/\/www.europesays.com\/de\/wp-json\/wp\/v2\/posts\/511088\/revisions"}],"wp:featuredmedia":[{"embeddable":true,"href":"https:\/\/www.europesays.com\/de\/wp-json\/wp\/v2\/media\/511089"}],"wp:attachment":[{"href":"https:\/\/www.europesays.com\/de\/wp-json\/wp\/v2\/media?parent=511088"}],"wp:term":[{"taxonomy":"category","embeddable":true,"href":"https:\/\/www.europesays.com\/de\/wp-json\/wp\/v2\/categories?post=511088"},{"taxonomy":"post_tag","embeddable":true,"href":"https:\/\/www.europesays.com\/de\/wp-json\/wp\/v2\/tags?post=511088"}],"curies":[{"name":"wp","href":"https:\/\/api.w.org\/{rel}","templated":true}]}}