{"id":51120,"date":"2025-04-22T03:31:22","date_gmt":"2025-04-22T03:31:22","guid":{"rendered":"https:\/\/www.europesays.com\/de\/51120\/"},"modified":"2025-04-22T03:31:22","modified_gmt":"2025-04-22T03:31:22","slug":"kritik-zum-tatort-aus-hamburg-ki-verdaechtigt-die-armen-schweine","status":"publish","type":"post","link":"https:\/\/www.europesays.com\/de\/51120\/","title":{"rendered":"Kritik zum \u201eTatort\u201c aus Hamburg: KI verd\u00e4chtigt die armen Schweine"},"content":{"rendered":"<p>\t\t\t\t\t\t\t\t\t\t\t\t\t\t\t\t\t\t\t\t\t\t\t\t\t\t\t\t      \t\t            \t\t             \t\t\t\t   \t\t\t\t\t   <img decoding=\"async\" id=\"article-image\" fetchpriority=\"high\" alt=\"Kritik zum \u201eTatort\u201c aus Hamburg: KI verd\u00e4chtigt die armen Schweine\" onclick=\"var pA=document.createElement('a');pA.setAttribute('href','https:\/\/www.stuttgarter-nachrichten.de\/gallery.kritik-zum-tatort-aus-hamburg-die-ki-verdaechtigt-die-armen-schweine.bf5147e1-8bb4-4b55-b7e8-bedc19a6dceb.html'),pA.click();\" title=\"Kritik zum \u201eTatort\u201c aus Hamburg: KI verd\u00e4chtigt die armen Schweine\" src=\"https:\/\/www.europesays.com\/de\/wp-content\/uploads\/2025\/04\/media.media.2392e1f8-4f17-44bf-9310-1b170be2de92.16x9_700.jpg\" data-linkto=\"https:\/\/www.stuttgarter-nachrichten.de\/gallery.kritik-zum-tatort-aus-hamburg-die-ki-verdaechtigt-die-armen-schweine.bf5147e1-8bb4-4b55-b7e8-bedc19a6dceb.html\"\/>\t\t\t\t\t\t\t\t\t\t\t\t\t\t\t\t\t\t\t\t\t\t\t\tNora (Maria Dragus), die Schwester des Verd\u00e4chtigen,  ist au\u00dfer sich, Kommissar Falke (Wotan Wilke M\u00f6hring) versucht, sie zu beruhigen.\u00a0Foto: NDR\/O-Young Kwon\t\t\t<\/p>\n<p>Kann K\u00fcnstliche Intelligenz schon bald Kommissare ersetzen? Im neuen \u201eTatort\u201c aus Hamburg f\u00fchrt der Ermittler einen einsamen Kampf gegen Technik-Fanatiker.<\/p>\n<p> Was taugt \u201eIm Wahn\u201c? Der neue \u201e<a href=\"https:\/\/www.stuttgarter-nachrichten.de\/thema\/Tatort\" title=\"Tatort\" class=\"art_thema\" target=\"_blank\" rel=\"noopener\">Tatort<\/a> \u201c aus <a href=\"https:\/\/www.stuttgarter-nachrichten.de\/thema\/Hamburg\" title=\"Hamburg\" class=\"art_thema\" target=\"_blank\" rel=\"noopener\">Hamburg<\/a>\u201c im Schnellcheck <\/p>\n<p> <b>Die Handlung in zwei S\u00e4tzen<\/b> Am Bahnhof werden zwei M\u00e4nner vom vermutlich selben T\u00e4ter erstochen. Zu den Ermittlungen wird ein Mitarbeiter der Firma Kroisos hinzugezogen, der mit Hilfe von KI schnell einen Verd\u00e4chtigen ausmacht, einen psychisch Kranken. Der st\u00fcrzt sich vom Dach, als die Polizei ihn aufsucht, trotzdem misstraut Falke der KI und ermittelt auf eigene Faust. <\/p>\n<p> <b>Zahl der Leichen<\/b> 5 <\/p>\n<p> <b>\u00dcberwachung <\/b>\u201eBesser gl\u00e4sern als tot\u201c meint nicht nur der Mitarbeiter von Kroisus, Finn Jennewein (Thomas Niehaus). Dass die KI bei der Suche nach Verd\u00e4chtigen von Vorurteilen und Rassismus geleitet wird, scheint die Technik-Euphoriker nicht zu scheren. <\/p>\n<p> <b>Kolleginnen <\/b>Falkes Kollegin Schmitz (Florence Kasumba) darf nur im Hintergrund mitwirken, daf\u00fcr wird ihm eine junge Kollegin zugewiesen, die vor allem ihr modisches Outfit zur Schau tr\u00e4gt. Ein Profil oder \u00fcberzeugenden Charakter vermag Peri Baumeister ihrer Figur nicht zu verleihen. <\/p>\n<p> <b>Botschaft <\/b>KI kann hilfreich sein, ihr blind zu vertrauen, um Personal einzusparen, kann einen teuer zu stehen kommen. <\/p>\n<p> <b>Unser Fazit <\/b>Das richtige Thema zur richtigen Zeit, aber die Figuren sind plakativ. Statt die Handlung lebendig einzufangen, lie\u00df die Regie die Personen oft nur von hier nach dort laufen. Aber Mord, um die Aktienkurse zu manipulieren, das war originell. <\/p>\n<p> <b>Spannung <\/b> Note 3; <b>Logik <\/b> Note 2 <\/p>\n","protected":false},"excerpt":{"rendered":"Nora (Maria Dragus), die Schwester des Verd\u00e4chtigen, ist au\u00dfer sich, Kommissar Falke (Wotan Wilke M\u00f6hring) versucht, sie zu&hellip;\n","protected":false},"author":2,"featured_media":51121,"comment_status":"","ping_status":"","sticky":false,"template":"","format":"standard","meta":{"footnotes":""},"categories":[1826],"tags":[29,30,692,24455,24456,80,1256,218,24284],"class_list":{"0":"post-51120","1":"post","2":"type-post","3":"status-publish","4":"format-standard","5":"has-post-thumbnail","7":"category-hamburg","8":"tag-deutschland","9":"tag-germany","10":"tag-hamburg","11":"tag-im-wahn","12":"tag-kroisos","13":"tag-kultur","14":"tag-kuenstliche-intelligenz","15":"tag-tatort","16":"tag-wotan-wilke-moehring"},"share_on_mastodon":{"url":"https:\/\/pubeurope.com\/@de\/114379507889165079","error":""},"_links":{"self":[{"href":"https:\/\/www.europesays.com\/de\/wp-json\/wp\/v2\/posts\/51120","targetHints":{"allow":["GET"]}}],"collection":[{"href":"https:\/\/www.europesays.com\/de\/wp-json\/wp\/v2\/posts"}],"about":[{"href":"https:\/\/www.europesays.com\/de\/wp-json\/wp\/v2\/types\/post"}],"author":[{"embeddable":true,"href":"https:\/\/www.europesays.com\/de\/wp-json\/wp\/v2\/users\/2"}],"replies":[{"embeddable":true,"href":"https:\/\/www.europesays.com\/de\/wp-json\/wp\/v2\/comments?post=51120"}],"version-history":[{"count":0,"href":"https:\/\/www.europesays.com\/de\/wp-json\/wp\/v2\/posts\/51120\/revisions"}],"wp:featuredmedia":[{"embeddable":true,"href":"https:\/\/www.europesays.com\/de\/wp-json\/wp\/v2\/media\/51121"}],"wp:attachment":[{"href":"https:\/\/www.europesays.com\/de\/wp-json\/wp\/v2\/media?parent=51120"}],"wp:term":[{"taxonomy":"category","embeddable":true,"href":"https:\/\/www.europesays.com\/de\/wp-json\/wp\/v2\/categories?post=51120"},{"taxonomy":"post_tag","embeddable":true,"href":"https:\/\/www.europesays.com\/de\/wp-json\/wp\/v2\/tags?post=51120"}],"curies":[{"name":"wp","href":"https:\/\/api.w.org\/{rel}","templated":true}]}}