{"id":51126,"date":"2025-04-22T03:34:20","date_gmt":"2025-04-22T03:34:20","guid":{"rendered":"https:\/\/www.europesays.com\/de\/51126\/"},"modified":"2025-04-22T03:34:20","modified_gmt":"2025-04-22T03:34:20","slug":"frieden-ostermaersche-protest-gegen-wettruesten-und-waffenlieferungen","status":"publish","type":"post","link":"https:\/\/www.europesays.com\/de\/51126\/","title":{"rendered":"Frieden \u2013 Osterm\u00e4rsche: Protest gegen Wettr\u00fcsten und Waffenlieferungen"},"content":{"rendered":"<p>\t\t\t\t\t\t<img decoding=\"async\" id=\"img304585\" src=\"https:\/\/www.nd-aktuell.de\/img\/jpeg\/640\/304585\" alt=\"Die Zahl der Teilnehmenden am Berliner Ostermarsch am Samstag war \u00fcberschaubar.\"\/><\/p>\n<p>Die Zahl der Teilnehmenden am Berliner Ostermarsch am Samstag war \u00fcberschaubar.<\/p>\n<p>Foto: dpa\/Sebastian Gollnow<\/p>\n<p>Eine riesige wei\u00dfe Taube aus Pappmach\u00e9, auf das Dach eines Autos geschnallt, f\u00fchrt den Demonstrationszug an. Vom Mariannenplatz in Berlin dreht der 43. <a href=\"https:\/\/www.nd-aktuell.de\/artikel\/1181048.militarismus-berliner-ostermarsch-zur-zeitenwende.html\" rel=\"nofollow noopener\" target=\"_blank\">Berliner Ostermarsch<\/a> am Ostersamstag eine Runde durch Kreuzberg zum Auftaktort zur\u00fcck. Wie Laura von Wimmersperg von der Berliner Friedenskoordination (Friko) gegen\u00fcber \u00bbnd\u00ab erkl\u00e4rt, gibt es die Skulptur schon seit 1981. Sie wurde immer wieder restauriert. \u00bbDie wurde bei uns immer \u203ader Friedensbroiler\u2039 genannt\u00ab, scherzt von Wimmersperg.<\/p>\n<p>Unter <a href=\"https:\/\/www.nd-aktuell.de\/artikel\/1190613.gegen-aufruestung-berlin-beim-ostermarsch-der-kriegsertuechtigung-entgegentreten.html\" rel=\"nofollow noopener\" target=\"_blank\">dem Motto \u00bbJa zum Frieden<\/a>\u00ab, ziehen hinter der Friedenstaube die Demonstrant*innen durch den Szenekiez. Die Veranstalter*innen sch\u00e4tzen 6000 Teilnehmer*innen, die Polizei geht von 1800 aus. Der Berliner Marsch ist einer <a href=\"https:\/\/www.nd-aktuell.de\/artikel\/1190601.friedensbewegung-ostermaersche-auferstehung-einer-bewegung.html\" rel=\"nofollow noopener\" target=\"_blank\">von rund 100 im ganzen Land<\/a>. Im Vergleich zur Hochzeit der Friedensbewegung in den 1980er Jahren sind sie heute klein.<\/p>\n<p>Die Menge in Berlin ist divers. Neben blauen Fahnen mit der wei\u00dfen Friedenstaube und Regenbogenfahnen, auf denen \u00bbPace\u00ab (italienisch f\u00fcr Frieden) steht, dominieren rote. Die Linke ist da, genauso wie die Deutsche Kommunistische Partei und zahlreiche weitere linke und kommunistische Gruppen. Auch das B\u00fcndnis Sarah Wagenknecht (BSW) hat einen Block aufgestellt.<\/p>\n<p>Ein \u00e4lterer Mann, der seinen Namen nicht in der Zeitung lesen will, tr\u00e4gt ein Schild mit der Aufschrift \u00bbOpas gegen Panzer\u00ab. Er sei auf der Demo, weil es einen akuten Bedarf gebe, sich f\u00fcr den Frieden und gegen Hochr\u00fcstung einzusetzen, sagt er \u00bbnd\u00ab: \u00bbEs fehlt die Bereitschaft, die andere Seite, die man f\u00fcr den Feind h\u00e4lt, zu verstehen und dar\u00fcber nachzudenken, ob man eventuell eigene Ursachen daf\u00fcr gesetzt hat, dass die Konflikte eskalieren.\u00ab<\/p>\n<p>Die voranschreitende Aufr\u00fcstung in Deutschland ist das zentrale Thema. L\u00fchr Henken, Ko-Sprecher des Bundesausschusses Friedensratschlag, f\u00fchrt die Kritik daran in seinem Redebeitrag aus. Die von CDU-Chef Friedrich Merz beabsichtigte <a href=\"https:\/\/www.nd-aktuell.de\/artikel\/1186875.ukraine-krieg-fast-alle-ausser-scholz-wollen-taurus-liefern.html\" rel=\"nofollow noopener\" target=\"_blank\">Lieferung von Taurus-Marschflugk\u00f6rpern<\/a> an die Ukraine ist ihm ein Dorn im Auge: \u00bbWaffenlieferungen mit oder ohne Taurus f\u00fchren zu keiner \u00c4nderung der strategischen Lage der Ukraine, sondern nur zur unn\u00f6tigen Verl\u00e4ngerung des Krieges und bergen zudem die Gefahr eines Atomkrieges.\u00ab<\/p>\n<p>Henken spricht sich f\u00fcr Verhandlungen mit Russland aus, um den Ukraine-Krieg zu beenden. Um Milit\u00e4rausgaben in ungeahnte H\u00f6hen zu treiben, werde Angstmacherei betrieben.<a href=\"https:\/\/www.nd-aktuell.de\/artikel\/1190095.widerstand-gegen-eu-plaene-aufruestung-mit-fragezeichen.html\" rel=\"nofollow noopener\" target=\"_blank\"> 800 Milliarden Euro sollen in den n\u00e4chsten f\u00fcnf Jahren<\/a> auf europ\u00e4ischer Ebene f\u00fcr R\u00fcstung ausgegeben werden, sagt er. Die massive Aufr\u00fcstung der europ\u00e4ischen Nato-Staaten setze eine Eskalationsspirale in Gang, \u00bbdie Russland zu Gegenma\u00dfnahmen provoziert\u00ab. Henken ist sich sicher: \u00bbDer Krieg ist so nah. Viel n\u00e4her, als man glaubt.\u00ab Deswegen m\u00fcsse man die Bev\u00f6lkerung aufr\u00fctteln.<\/p>\n<p>Es sind vor allem \u00c4ltere, die demonstrieren. Aber nicht nur. \u00bbWir finden es wichtig, uns als junge Menschen gegen Krieg, Faschismus und Krise zu stellen\u00ab sagt Lasse H\u00f6vermann, von Solid Berlin zu \u00bbnd\u00ab. Die Linke-Jugendorganisation ist Teil des B\u00fcndnisses gegen <a href=\"https:\/\/www.nd-aktuell.de\/artikel\/1190659.kriegstuechtigkeit-influencer-der-kriegsmueden.html\" rel=\"nofollow noopener\" target=\"_blank\">die Wiedereinf\u00fchrung der Wehrpflicht.<\/a> Insbesondere von der k\u00fcnftigen Bundesregierung gebe es Initiativen, der \u00bbKriegsmaschinerie\u00ab junge Menschen zuzuf\u00fchren. Aber: \u00bbWir wollen nicht f\u00fcr Kapitalismus und Imperialismus sterben\u00ab, sagt H\u00f6vermann. Deswegen seien sie auf der Demonstration.<\/p>\n<blockquote class=\"wp-block-quote\"><p>&#13;<\/p>\n<p>\u00bbWenn man bedenkt, in welcher Gefahr wir uns befinden, sind wir nat\u00fcrlich viel zu wenige.\u00ab<\/p>\n<p>&#13;<br \/>\nJutta Kusch<br \/>&#13;<br \/>\nBerliner Friedenskoordination<\/p><\/blockquote>\n<p>Die Demonstrant*innen rufen immer wieder \u00bbFrieden schaffen ohne Waffen\u00ab oder \u00bbNicht unser Krieg, nicht unser Milit\u00e4r, Feuer und Flamme der Bundeswehr\u00ab. Am lautesten ist aber der Pal\u00e4stina-Block, der mit Dutzenden pal\u00e4stinensischen Fahnen und begleitet von Trommler*innen teilnimmt. \u00bbWenn es um Frieden geht, muss man \u00fcber das reden, <a href=\"https:\/\/www.nd-aktuell.de\/artikel\/1190696.todesopferzahlen-gaza-krieg-keine-manipulation-aber-korrektur-der-statistik.html\" rel=\"nofollow noopener\" target=\"_blank\">was gerade in Pal\u00e4stina passiert<\/a>\u00ab, sagt ein Sprecher des Blocks zu \u00bbnd\u00ab. Man gehe auf die Stra\u00dfe, um darauf aufmerksam zu machen, dass es nicht nur um Frieden, sondern um einen gerechten Frieden f\u00fcr Pal\u00e4stina gehe. W\u00e4hrend die Demonstration weitgehend ohne Zwischenf\u00e4lle durch Kreuzberg ziehen kann, kommt es w\u00e4hrend der Abschlusskundgebung noch zu Rangeleien zwischen Pal\u00e4stina-Block und Polizei. Diese teilt mit, man habe vor und w\u00e4hrend der Demo 15 Personen kurzzeitig festgenommen.<\/p>\n<p>Jutta Kausch von der Friko zeigt sich im Gespr\u00e4ch mit \u00bbnd\u00ab grunds\u00e4tzlich zufrieden mit dem Verlauf des Ostermarsches, schr\u00e4nkt aber ein: \u00bbWenn man bedenkt, in welcher Gefahr wir uns befinden, sind wir nat\u00fcrlich viel zu wenige.\u00ab Aufgabe der Friedensbewegung sei es, einen Gegenpol zur ver\u00f6ffentlichten Meinung zu bilden. Denn die sei stark<a href=\"https:\/\/www.nd-aktuell.de\/artikel\/1189546.aufruestung-grad-wende-fuer-kriegstuechtigkeit.html\" rel=\"nofollow noopener\" target=\"_blank\"> auf Kriegst\u00fcchtigkeit<\/a> ausgerichtet. Auf der Abschlusskundgebung betont Kausch, man stehe als B\u00fcndnis klar gegen gruppenbezogene Menschenfeindlichkeit und arbeite deswegen nicht mit Rechten und Rechtsextremen zusammen. Dasselbe bekr\u00e4ftigt gegen\u00fcber \u00bbnd\u00ab auch Kristian Golla vom Netzwerk Friedenskooperative, das als bundesweite Informationsplattform der Friedensbewegung fungiert, f\u00fcr die anderen Osterm\u00e4rsche.<\/p>\n<p>Mit der \u00bbFriedensprozession\u00ab am Karfreitag in Dresden, die ma\u00dfgeblich von Marcus Fuchs, einem Kommunalpolitiker der <a href=\"https:\/\/www.nd-aktuell.de\/artikel\/1182016.landtagswahlen-freie-sachsen-eine-kleinstpartei-als-brandbeschleuniger.html\" rel=\"nofollow noopener\" target=\"_blank\">extrem rechten Partei Freie Sachsen<\/a> mit organisiert wurde, habe man nichts zu tun, betont Golla. Dort h\u00e4tten rechte \u00bbTrittbrettfahrer\u00ab das wichtige Thema Frieden vereinnahmt. \u00bbWir distanzieren uns klar von der Dresdner Veranstaltung\u00ab, sagt Golla.<\/p>\n<p>Die Dresdner \u00bbProzession\u00ab stand unter dem Motto \u00bbFrieden kennt keine Brandmauer\u00ab. Nach Veranstalterangaben beteiligten sich daran 6000, laut Polizei 3000 bis 4000 Menschen. Auf der Kundgebung sprachen unter anderem der rechtspopulistische Kabarettist Uwe Steimler, der ehemalige TV-Pfarrer J\u00fcrgen Fliege und die Publizistin Ulrike Gu\u00e9rot. Digital zugeschaltet war auch der Komiker Dieter Hallervorden. Der Musiker Tino Eisbrenner trat in Dresden wie auch bei Ostermarsch-Demos in Rostock und Brandenburg (Havel) auf. Eisbrenner war von der Dresdner Antimilitaristischen Vernetzung vor dem rechten Veranstalter der Prozession gewarnt worden. In einer Antwort darauf auf Facebook berief er sich auf den Grundsatz der \u00bbAktionseinheit\u00ab von Menschen unterschiedlichster politischer Couleur.<\/p>\n","protected":false},"excerpt":{"rendered":"Die Zahl der Teilnehmenden am Berliner Ostermarsch am Samstag war \u00fcberschaubar. Foto: dpa\/Sebastian Gollnow Eine riesige wei\u00dfe Taube&hellip;\n","protected":false},"author":2,"featured_media":51127,"comment_status":"","ping_status":"","sticky":false,"template":"","format":"standard","meta":{"footnotes":""},"categories":[1825],"tags":[296,29,2386,16756,30,24458,6000,15577,2548,859],"class_list":{"0":"post-51126","1":"post","2":"type-post","3":"status-publish","4":"format-standard","5":"has-post-thumbnail","7":"category-berlin","8":"tag-berlin","9":"tag-deutschland","10":"tag-dresden","11":"tag-friedensbewegung","12":"tag-germany","13":"tag-linke-bewegung","14":"tag-nahost","15":"tag-ostermarsch","16":"tag-palaestina","17":"tag-sachsen"},"share_on_mastodon":{"url":"https:\/\/pubeurope.com\/@de\/114379519857177855","error":""},"_links":{"self":[{"href":"https:\/\/www.europesays.com\/de\/wp-json\/wp\/v2\/posts\/51126","targetHints":{"allow":["GET"]}}],"collection":[{"href":"https:\/\/www.europesays.com\/de\/wp-json\/wp\/v2\/posts"}],"about":[{"href":"https:\/\/www.europesays.com\/de\/wp-json\/wp\/v2\/types\/post"}],"author":[{"embeddable":true,"href":"https:\/\/www.europesays.com\/de\/wp-json\/wp\/v2\/users\/2"}],"replies":[{"embeddable":true,"href":"https:\/\/www.europesays.com\/de\/wp-json\/wp\/v2\/comments?post=51126"}],"version-history":[{"count":0,"href":"https:\/\/www.europesays.com\/de\/wp-json\/wp\/v2\/posts\/51126\/revisions"}],"wp:featuredmedia":[{"embeddable":true,"href":"https:\/\/www.europesays.com\/de\/wp-json\/wp\/v2\/media\/51127"}],"wp:attachment":[{"href":"https:\/\/www.europesays.com\/de\/wp-json\/wp\/v2\/media?parent=51126"}],"wp:term":[{"taxonomy":"category","embeddable":true,"href":"https:\/\/www.europesays.com\/de\/wp-json\/wp\/v2\/categories?post=51126"},{"taxonomy":"post_tag","embeddable":true,"href":"https:\/\/www.europesays.com\/de\/wp-json\/wp\/v2\/tags?post=51126"}],"curies":[{"name":"wp","href":"https:\/\/api.w.org\/{rel}","templated":true}]}}