{"id":511266,"date":"2025-10-19T16:49:01","date_gmt":"2025-10-19T16:49:01","guid":{"rendered":"https:\/\/www.europesays.com\/de\/511266\/"},"modified":"2025-10-19T16:49:01","modified_gmt":"2025-10-19T16:49:01","slug":"muenchen-heute-nachrichten-vom-19-10-2025-muenchen","status":"publish","type":"post","link":"https:\/\/www.europesays.com\/de\/511266\/","title":{"rendered":"M\u00fcnchen heute &#8211; Nachrichten vom 19.10.2025 &#8211; M\u00fcnchen"},"content":{"rendered":"<p data-manual=\"paragraph\" data-schema-org-speakable=\"true\" class=\"css-1eosz7k\"><strong>DAS WOCHENENDE IN <\/strong><strong><a href=\"https:\/\/www.sueddeutsche.de\/thema\/M%C3%BCnchen\" rel=\"nofollow noopener\" target=\"_blank\">M\u00dcNCHEN<\/a><\/strong><\/p>\n<p data-manual=\"paragraph\" data-schema-org-speakable=\"true\" class=\"css-1eosz7k\"><strong>Soll Schwarzfahren keine Straftat mehr sein?<\/strong> Wer in den \u00f6ffentlichen Verkehrsmitteln ohne Fahrschein erwischt wird, muss mit harten Strafen rechnen, Wiederholungst\u00e4ter sogar mit Gef\u00e4ngnis. Eine Initiative will das \u00e4ndern. <a href=\"https:\/\/www.sueddeutsche.de\/muenchen\/muenchen-schwarzfahren-entkriminalisieren-gefaengnis-strafe-li.3319073\" rel=\"nofollow noopener\" target=\"_blank\">Der Chef des M\u00fcnchner Verkehrsverbundes aber sagt: \u201eWir ben\u00f6tigen die Abschreckung.\u201c<\/a> (SZ Plus)<\/p>\n<p data-manual=\"paragraph\" data-schema-org-speakable=\"true\" class=\"css-1eosz7k\"><strong>Hat Putins hybrider Krieg M\u00fcnchen erreicht?<\/strong> Dutzende Flugobjekte werden \u00fcber Flugh\u00e4fen und Milit\u00e4reinrichtungen gesichtet, Polizeistationen attackiert, Brandanschl\u00e4ge gegen die kritische Infrastruktur ver\u00fcbt: Steht M\u00fcnchen im Visier von russischen Agenten? <a href=\"https:\/\/www.sueddeutsche.de\/muenchen\/muenchen-flughafen-drohnen-agenten-anschlaege-infrastruktur-li.3322996\" rel=\"nofollow noopener\" target=\"_blank\">Eine Chronologie verd\u00e4chtiger Vorf\u00e4lle. (SZ Plus)<\/a><\/p>\n<p data-manual=\"paragraph\" data-schema-org-speakable=\"true\" class=\"css-1eosz7k\"><strong>97 Prozent Zustimmung: M\u00fcnchner Gr\u00fcne k\u00fcren Dominik Krause zum OB-Kandidaten<\/strong> Die Partei vergibt auch die Pl\u00e4tze f\u00fcr die Stadtratsliste und setzt dabei fast ausschlie\u00dflich auf das bisherige Rathaus-Team. <a href=\"https:\/\/www.sueddeutsche.de\/muenchen\/muenchen-kommunalwahl-gruene-dominik-krause-ob-kandidat-li.3326667\" rel=\"nofollow noopener\" target=\"_blank\">F\u00fcr einige aktuelle Fraktionsmitglieder verl\u00e4uft der erste Teil der Wahl aber bitter. (SZ Plus)<\/a><\/p>\n<p data-manual=\"paragraph\" data-schema-org-speakable=\"true\" class=\"css-1eosz7k\"><strong>\u201eJeder tr\u00e4gt doch immer einen kleinen Kobold in sich\u201c<\/strong> Die Filmcrew um Marcus H. Rosenm\u00fcller und Florian Br\u00fcckner trifft bei der Pumuckl-Premiere auf 1500 meist halbw\u00fcchsige und g\u00e4nzlich unbestechliche Filmkritiker. <a href=\"https:\/\/www.sueddeutsche.de\/muenchen\/pumuckl-weltpremiere-mathaeser-kino-muenchen-li.3320192\" rel=\"nofollow noopener\" target=\"_blank\">Deren Urteil ist eindeutig.<\/a><\/p>\n<p data-manual=\"paragraph\" data-schema-org-speakable=\"true\" class=\"css-1eosz7k\"><strong>WEITERE NACHRICHTEN<\/strong><\/p>\n<p data-manual=\"paragraph\" data-schema-org-speakable=\"true\" class=\"css-1eosz7k\"><strong>Kultur am Wochenende<\/strong> <a href=\"https:\/\/www.sueddeutsche.de\/muenchen\/muenchen-lange-nacht-der-museen-2025-li.3326673\" rel=\"nofollow noopener\" target=\"_blank\">30 000 Menschen bei der \u201eLangen Nacht der Museen\u201c<\/a><\/p>\n<p data-manual=\"paragraph\" data-schema-org-speakable=\"true\" class=\"css-1eosz7k\"><strong>Bagger statt Surfer<\/strong> <a href=\"https:\/\/www.sueddeutsche.de\/muenchen\/muenchen-eisbachwelle-bauarbeiten-bachauskehr-li.3327548\" rel=\"nofollow noopener\" target=\"_blank\">Warum die Eisbachwelle derzeit trockengelegt ist<\/a><\/p>\n<p data-manual=\"paragraph\" data-schema-org-speakable=\"true\" class=\"css-1eosz7k\"><strong>Stadtratsbeschluss<\/strong> <a href=\"https:\/\/www.sueddeutsche.de\/muenchen\/palliativmedizin-klinikum-schwabing-klinikum-harlaching-li.3326205\" rel=\"nofollow noopener\" target=\"_blank\">Palliativstation des Klinikums Schwabing wird in modernen Station im Neubau des Klinikums Harlaching aufgehen<\/a><\/p>\n<p data-manual=\"paragraph\" data-schema-org-speakable=\"true\" class=\"css-1eosz7k\"><strong>Auktion in M\u00fcnchen<\/strong> <a href=\"https:\/\/www.sueddeutsche.de\/muenchen\/muenchen-motorrad-papst-signiert-versteigerung-li.3327141\" rel=\"nofollow noopener\" target=\"_blank\">Motorrad mit Papst-Unterschrift f\u00fcr 130 000 Euro versteigert<\/a><\/p>\n<p data-manual=\"paragraph\" data-schema-org-speakable=\"true\" class=\"css-1eosz7k\"><strong>Verkehrsunfall im M\u00fcnchner Norden<\/strong> <a href=\"https:\/\/www.sueddeutsche.de\/muenchen\/muenchen-unfall-fahrzeugrennen-mittlerer-ring-verletzte-li.3327396\" rel=\"nofollow noopener\" target=\"_blank\">Zwei Verletzte nach illegalem Autorennen auf dem Mittleren Ring<\/a><\/p>\n<p data-manual=\"paragraph\" data-schema-org-speakable=\"true\" class=\"css-1eosz7k\"><strong>M\u00dcNCHEN ERLESEN<\/strong><\/p>\n<p><a href=\"https:\/\/www.sueddeutsche.de\/projekte\/artikel\/politik\/ehrenamt-feuerwehr-bevoelkerungsschutz-zivilschutz-putin-e337308\/\" aria-label=\"Artikelverlinkung:\" data-track-szde=\"{&quot;event&quot;:&quot;teaser_clicked&quot;,&quot;teaser_clicked&quot;:{&quot;article_title&quot;:&quot;und_dann_muss_papa_wieder_weg&quot;,&quot;doctype&quot;:&quot;&quot;,&quot;label&quot;:&quot;szplus&quot;,&quot;main_topic&quot;:&quot;die_seite_drei&quot;,&quot;object_id&quot;:&quot;er.e337308&quot;,&quot;pcat&quot;:&quot;paid&quot;,&quot;section&quot;:&quot;politik&quot;,&quot;teaser_type&quot;:&quot;article_teaser_top&quot;}}\" data-manual=\"teaser-url\" data-tb-link=\"\" aria-labelledby=\"teaser-httpswwwsueddeutschedeprojekteartikelpolitikehrenamt-feuerwehr-bevoelkerungsschutz-zivilschutz-putin-e337308\" class=\"css-14tg8sh\" rel=\"nofollow noopener\" target=\"_blank\"><img decoding=\"async\" src=\"https:\/\/www.europesays.com\/de\/wp-content\/uploads\/2025\/10\/d70314f9-5f2b-4477-88cd-e2f935774ffd.jpg\"   alt=\"\" loading=\"lazy\" class=\"css-8atqhb\"\/><\/p>\n<p>Bev\u00f6lkerungsschutz<\/p>\n<p>:Und dann muss Papa wieder weg<\/p>\n<p class=\"css-a6ecqs\" data-manual=\"teaser-text\" data-tb-description=\"\" data-schema-org-speakable=\"true\">Alles freiwillig, f\u00fcr die Gemeinschaft: Wer macht das noch in einer Welt, die immer egomanischer wird? Und vor allem, was passiert eigentlich im Ernstfall ohne diese Leute? Unterwegs mit den Helden von der freiwilligen Feuerwehr.<\/p>\n<p>SZ PlusVon Sebastian Strau\u00df (Text) und Paul Dittmann (Fotos)<a href=\"https:\/\/www.sueddeutsche.de\/projekte\/artikel\/muenchen\/muenchen-studium-wohnungssuche-wg-erfahrung-e580387\/\" aria-label=\"Artikelverlinkung:\" data-track-szde=\"{&quot;event&quot;:&quot;teaser_clicked&quot;,&quot;teaser_clicked&quot;:{&quot;article_title&quot;:&quot;anfragen_von_alten_maennern_die_die_situation_ausnutzen_wollen&quot;,&quot;doctype&quot;:&quot;&quot;,&quot;label&quot;:&quot;szplus&quot;,&quot;main_topic&quot;:&quot;bildung_in_muenchen&quot;,&quot;object_id&quot;:&quot;er.e580387&quot;,&quot;pcat&quot;:&quot;paid&quot;,&quot;section&quot;:&quot;muenchen&quot;,&quot;teaser_type&quot;:&quot;article_teaser_top&quot;}}\" data-manual=\"teaser-url\" data-tb-link=\"\" aria-labelledby=\"teaser-httpswwwsueddeutschedeprojekteartikelmuenchenmuenchen-studium-wohnungssuche-wg-erfahrung-e580387\" class=\"css-14tg8sh\" rel=\"nofollow noopener\" target=\"_blank\"><img decoding=\"async\" src=\"https:\/\/www.europesays.com\/de\/wp-content\/uploads\/2025\/10\/aa49d315-d2b7-400f-91ca-8eb9c56c3b06.jpeg\"   alt=\"\" loading=\"lazy\" class=\"css-8atqhb\"\/><\/p>\n<p>Studierende auf Wohnungssuche in M\u00fcnchen<\/p>\n<p>:\u201eAnfragen von alten M\u00e4nnern, die die Situation ausnutzen wollen\u201c<\/p>\n<p class=\"css-a6ecqs\" data-manual=\"teaser-text\" data-tb-description=\"\" data-schema-org-speakable=\"true\">Unmoralische Angebote, Fake-Anzeigen und der Besser-die-als-keine-Faktor: Was Studentinnen und Studenten bei der Wohnungssuche zum Semesterstart erleben.<\/p>\n<p>SZ PlusProtokolle von Katharina Haase<\/p>\n<p data-manual=\"paragraph\" data-schema-org-speakable=\"true\" class=\"css-1eosz7k\"><strong>UNSER GASTROTIPP<\/strong><\/p>\n<p><a href=\"https:\/\/www.sueddeutsche.de\/muenchen\/muenchen-cafe-lavy-matcha-schwabing-li.3278001\" aria-label=\"Artikelverlinkung:\" data-track-szde=\"{&quot;event&quot;:&quot;teaser_clicked&quot;,&quot;teaser_clicked&quot;:{&quot;article_title&quot;:&quot;in_diesem_cafe_dreht_sich_alles_um_matcha&quot;,&quot;doctype&quot;:&quot;&quot;,&quot;label&quot;:&quot;&quot;,&quot;main_topic&quot;:&quot;essen_und_trinken_in_muenchen&quot;,&quot;object_id&quot;:&quot;li.3278001&quot;,&quot;pcat&quot;:&quot;metered&quot;,&quot;section&quot;:&quot;muenchen&quot;,&quot;teaser_type&quot;:&quot;article_teaser_top&quot;}}\" data-manual=\"teaser-url\" data-tb-link=\"\" aria-labelledby=\"teaser-httpswwwsueddeutschedemuenchenmuenchen-cafe-lavy-matcha-schwabing-li3278001\" class=\"css-14tg8sh\" rel=\"nofollow noopener\" target=\"_blank\"><img decoding=\"async\" src=\"https:\/\/www.europesays.com\/de\/wp-content\/uploads\/2025\/10\/0c168b88-9a84-4556-962d-4a96cf536b48.jpg\"   alt=\"\" loading=\"lazy\" class=\"css-8atqhb\"\/><\/p>\n<p>Lavy in der Hohenzollernstra\u00dfe<\/p>\n<p>:In diesem Caf\u00e9 dreht sich alles um Matcha<\/p>\n<p class=\"css-a6ecqs\" data-manual=\"teaser-text\" data-tb-description=\"\" data-schema-org-speakable=\"true\">Das Lavy in Schwabing gibt dem trendigen Teepulver ein modern-minimalistisches Zuhause. Auf der Karte gibt es aber nicht nur gr\u00fcne Getr\u00e4nke zu entdecken, sondern eine ganze Farbpalette.<\/p>\n<p data-manual=\"paragraph\" data-schema-org-speakable=\"true\" class=\"css-1eosz7k\"><a href=\"https:\/\/www.sueddeutsche.de\/thema\/Restaurants\" rel=\"nofollow noopener\" target=\"_blank\">Restaurants in M\u00fcnchen<\/a> | <a href=\"https:\/\/www.sueddeutsche.de\/thema\/Bars\" rel=\"nofollow noopener\" target=\"_blank\">Bars in M\u00fcnchen<\/a> | <a href=\"https:\/\/www.sueddeutsche.de\/thema\/Fr%C3%BChst%C3%BCck_und_Brunch\" rel=\"nofollow noopener\" target=\"_blank\">Fr\u00fchst\u00fcck und Brunch<\/a><\/p>\n<p data-manual=\"paragraph\" data-schema-org-speakable=\"true\" class=\"css-1eosz7k\"><strong>Zu den Landkreisen:<\/strong> <a href=\"https:\/\/www.sueddeutsche.de\/muenchen\/wolfratshausen\" rel=\"nofollow noopener\" target=\"_blank\">Bad T\u00f6lz-Wolfratshausen<\/a> | <a href=\"https:\/\/www.sueddeutsche.de\/muenchen\/dachau\" rel=\"nofollow noopener\" target=\"_blank\">Dachau<\/a> | <a href=\"https:\/\/www.sueddeutsche.de\/muenchen\/ebersberg\" rel=\"nofollow noopener\" target=\"_blank\">Ebersberg<\/a> | <a href=\"https:\/\/www.sueddeutsche.de\/muenchen\/erding\" rel=\"nofollow noopener\" target=\"_blank\">Erding<\/a> | <a href=\"https:\/\/www.sueddeutsche.de\/muenchen\/freising\" rel=\"nofollow noopener\" target=\"_blank\">Freising<\/a> | <a href=\"https:\/\/www.sueddeutsche.de\/muenchen\/fuerstenfeldbruck\" rel=\"nofollow noopener\" target=\"_blank\">F\u00fcrstenfeldbruck<\/a> | <a href=\"https:\/\/www.sueddeutsche.de\/muenchen\/landkreismuenchen\" rel=\"nofollow noopener\" target=\"_blank\">M\u00fcnchen<\/a> | <a href=\"https:\/\/www.sueddeutsche.de\/muenchen\/starnberg\" rel=\"nofollow noopener\" target=\"_blank\">Starnberg<\/a><\/p>\n","protected":false},"excerpt":{"rendered":"DAS WOCHENENDE IN M\u00dcNCHEN Soll Schwarzfahren keine Straftat mehr sein? Wer in den \u00f6ffentlichen Verkehrsmitteln ohne Fahrschein erwischt&hellip;\n","protected":false},"author":2,"featured_media":387201,"comment_status":"","ping_status":"","sticky":false,"template":"","format":"standard","meta":{"footnotes":""},"categories":[1827],"tags":[772,29,30,1268,2338,2339,149],"class_list":{"0":"post-511266","1":"post","2":"type-post","3":"status-publish","4":"format-standard","5":"has-post-thumbnail","7":"category-muenchen","8":"tag-bayern","9":"tag-deutschland","10":"tag-germany","11":"tag-muenchen","12":"tag-newsletter","13":"tag-oberbayern","14":"tag-sueddeutsche-zeitung"},"share_on_mastodon":{"url":"","error":""},"_links":{"self":[{"href":"https:\/\/www.europesays.com\/de\/wp-json\/wp\/v2\/posts\/511266","targetHints":{"allow":["GET"]}}],"collection":[{"href":"https:\/\/www.europesays.com\/de\/wp-json\/wp\/v2\/posts"}],"about":[{"href":"https:\/\/www.europesays.com\/de\/wp-json\/wp\/v2\/types\/post"}],"author":[{"embeddable":true,"href":"https:\/\/www.europesays.com\/de\/wp-json\/wp\/v2\/users\/2"}],"replies":[{"embeddable":true,"href":"https:\/\/www.europesays.com\/de\/wp-json\/wp\/v2\/comments?post=511266"}],"version-history":[{"count":0,"href":"https:\/\/www.europesays.com\/de\/wp-json\/wp\/v2\/posts\/511266\/revisions"}],"wp:featuredmedia":[{"embeddable":true,"href":"https:\/\/www.europesays.com\/de\/wp-json\/wp\/v2\/media\/387201"}],"wp:attachment":[{"href":"https:\/\/www.europesays.com\/de\/wp-json\/wp\/v2\/media?parent=511266"}],"wp:term":[{"taxonomy":"category","embeddable":true,"href":"https:\/\/www.europesays.com\/de\/wp-json\/wp\/v2\/categories?post=511266"},{"taxonomy":"post_tag","embeddable":true,"href":"https:\/\/www.europesays.com\/de\/wp-json\/wp\/v2\/tags?post=511266"}],"curies":[{"name":"wp","href":"https:\/\/api.w.org\/{rel}","templated":true}]}}