{"id":511274,"date":"2025-10-19T16:57:17","date_gmt":"2025-10-19T16:57:17","guid":{"rendered":"https:\/\/www.europesays.com\/de\/511274\/"},"modified":"2025-10-19T16:57:17","modified_gmt":"2025-10-19T16:57:17","slug":"alba-berlin-wirft-vizemeister-ulm-aus-dem-pokal","status":"publish","type":"post","link":"https:\/\/www.europesays.com\/de\/511274\/","title":{"rendered":"Alba Berlin wirft Vizemeister Ulm aus dem Pokal"},"content":{"rendered":"<p class=\"tspBHk0 tspBHk1\">Alba Berlin hat das Viertelfinale im BBL-Pokal erreicht. Die Berliner gewannen vor 6132 Zuschauern in der Max-Schmeling-Halle ihre Achtelfinalpartie gegen den deutschen Basketball-Vizemeister ratiopharm Ulm nach einer Leistungssteigerung mit 90:68 (39:42). Beste Werfer bei Alba waren der \u00fcberragende Boogie Ellis mit 21 und Sam Griesel mit zw\u00f6lf Punkten.<\/p>\n<p>Der Morgenlage Newsletter<\/p>\n<p><img decoding=\"async\" src=\"https:\/\/www.europesays.com\/de\/wp-content\/uploads\/2025\/04\/1745846948_156_morgenlage-abendlage-icon-klein.png\" alt=\"\" class=\"tspBXfv\"\/><\/p>\n<p class=\"tspBXmz\"> Die wichtigsten Nachrichten des Tages \u2014 morgens direkt in Ihr E-Mail-Postfach. <\/p>\n<p class=\"tspBHk0\">Den Auftakt verschliefen die Berliner komplett. In der Offensive fiel kaum ein Wurf und in der Defensive bekamen sie keinen Zugriff. Nach f\u00fcnfeinhalb Minuten hatten die Gastgeber gerade mal vier Z\u00e4hler auf dem Konto. Ulm lag da schon bei 14. So liefen die Berliner schon fr\u00fch einem deutlichen R\u00fcckstand hinterher.<\/p>\n<p> Alba dreht nach der Pause auf <\/p>\n<p class=\"tspBHk0\">Erst im zweiten Viertel wachte Alba dann auf. Sie verteidigten nun deutlich aggressiver und machten es Ulm schwerer, zu Punkten zu kommen. Z\u00e4hler f\u00fcr Z\u00e4hler kamen sie wieder heran, verpassten es aber gleich mehrmals auszugleichen oder selbst in F\u00fchrung zu gehen.\u00a0<\/p>\n<p> Mehr zu Alba <a href=\"https:\/\/www.tagesspiegel.de\/sport\/basketball-zwischen-baku-und-ulm-alba-hofft-auf-entwicklung-14581256.html?icid=topic-list_14606654___\" data-gtm-class=\"article-mzt-link\" class=\"tspBRlv\" target=\"_blank\" rel=\"noopener\">\u201eSiege helfen bei unserem Prozess\u201c Erstes kleines Endspiel f\u00fcr Alba Berlin <\/a><a href=\"https:\/\/www.tagesspiegel.de\/sport\/basketball-alba-berlin-feiert-ersten-sieg-in-der-champions-league-14577401.html?icid=topic-list_14606654___\" data-gtm-class=\"article-mzt-link\" class=\"tspBRlv\" target=\"_blank\" rel=\"noopener\">Mit viel M\u00fche in Baku Alba Berlin gelingt erster Sieg in der Champions League <\/a><a href=\"https:\/\/www.tagesspiegel.de\/sport\/basketball-bundesliga-alba-berlin-kassiert-in-wurzburg-nachste-pleite-14540000.html?icid=topic-list_14606654___\" data-gtm-class=\"article-mzt-link\" class=\"tspBRlv\" target=\"_blank\" rel=\"noopener\">Der Druck wird gr\u00f6\u00dfer Alba Berlin kassiert in W\u00fcrzburg n\u00e4chste Pleite <\/a><\/p>\n<p class=\"tspBHk0\">Nach dem Seitenwechsel drehte sich das Spiel dann komplett. Ulm verzweifelte an der Berliner Defensive, erzielte f\u00fcnfeinhalb Minuten keinen Punkt und Alba drehte mit einem 14:0-Lauf die Partie (53:42). Ulm war im Schlussabschnitt chancenlos. (dpa)<\/p>\n","protected":false},"excerpt":{"rendered":"Alba Berlin hat das Viertelfinale im BBL-Pokal erreicht. Die Berliner gewannen vor 6132 Zuschauern in der Max-Schmeling-Halle ihre&hellip;\n","protected":false},"author":2,"featured_media":511275,"comment_status":"","ping_status":"","sticky":false,"template":"","format":"standard","meta":{"footnotes":""},"categories":[1825],"tags":[2471,296,29,30],"class_list":{"0":"post-511274","1":"post","2":"type-post","3":"status-publish","4":"format-standard","5":"has-post-thumbnail","7":"category-berlin","8":"tag-alba-berlin","9":"tag-berlin","10":"tag-deutschland","11":"tag-germany"},"share_on_mastodon":{"url":"https:\/\/pubeurope.com\/@de\/115401893635364753","error":""},"_links":{"self":[{"href":"https:\/\/www.europesays.com\/de\/wp-json\/wp\/v2\/posts\/511274","targetHints":{"allow":["GET"]}}],"collection":[{"href":"https:\/\/www.europesays.com\/de\/wp-json\/wp\/v2\/posts"}],"about":[{"href":"https:\/\/www.europesays.com\/de\/wp-json\/wp\/v2\/types\/post"}],"author":[{"embeddable":true,"href":"https:\/\/www.europesays.com\/de\/wp-json\/wp\/v2\/users\/2"}],"replies":[{"embeddable":true,"href":"https:\/\/www.europesays.com\/de\/wp-json\/wp\/v2\/comments?post=511274"}],"version-history":[{"count":0,"href":"https:\/\/www.europesays.com\/de\/wp-json\/wp\/v2\/posts\/511274\/revisions"}],"wp:featuredmedia":[{"embeddable":true,"href":"https:\/\/www.europesays.com\/de\/wp-json\/wp\/v2\/media\/511275"}],"wp:attachment":[{"href":"https:\/\/www.europesays.com\/de\/wp-json\/wp\/v2\/media?parent=511274"}],"wp:term":[{"taxonomy":"category","embeddable":true,"href":"https:\/\/www.europesays.com\/de\/wp-json\/wp\/v2\/categories?post=511274"},{"taxonomy":"post_tag","embeddable":true,"href":"https:\/\/www.europesays.com\/de\/wp-json\/wp\/v2\/tags?post=511274"}],"curies":[{"name":"wp","href":"https:\/\/api.w.org\/{rel}","templated":true}]}}