{"id":511294,"date":"2025-10-19T17:11:14","date_gmt":"2025-10-19T17:11:14","guid":{"rendered":"https:\/\/www.europesays.com\/de\/511294\/"},"modified":"2025-10-19T17:11:14","modified_gmt":"2025-10-19T17:11:14","slug":"eu-will-einfluss-auf-deutschlands-rentensystem-nehmen","status":"publish","type":"post","link":"https:\/\/www.europesays.com\/de\/511294\/","title":{"rendered":"EU will Einfluss auf Deutschlands Rentensystem nehmen"},"content":{"rendered":"<p>R\u00fcckst\u00e4ndige Rentensysteme <\/p>\n<p>Renten-\u00c4rger bahnt sich an: EU will Einfluss auf Deutschland nehmen<\/p>\n<p>Aktualisiert am 19.10.2025 &#8211; 17:38 UhrLesedauer: 5 Min.<\/p>\n<p><a href=\"#focus-0\" class=\"transition-colors duration-200 block text-current relative\" data-sctrack=\"FocusGalleryImage.Reference\"><img fetchpriority=\"high\" data-testid=\"Opener.Image\" style=\"--lqipURL:url('https:\/\/images.t-online.de\/2025\/09\/Cc7fXXJWOVY8\/0x92:1769x995\/fit-in\/150x0\/filters:blur(25)\/von-der-leyen-macht-sich-fuer-altersgrenzen-auf-sozialen-netzwerken-stark-symbolbild.jpg')\"   loading=\"eager\" src=\"https:\/\/www.europesays.com\/de\/wp-content\/uploads\/2025\/10\/von-der-leyen-macht-sich-fuer-altersgrenzen-auf-sozialen-netzwerken-stark-symbolbild.jpg\" alt=\"Plenarsitzung EU-Parlament\" title=\"Plenarsitzung EU-Parlament\" width=\"1769\" height=\"995\" class=\"bg-[url:var(--lqipURL)] bg-cover bg-center flex h-full w-full max-w-full\" decoding=\"async\"\/><img style=\"--width:32;--height:32\" loading=\"lazy\" src=\"https:\/\/www.t-online.de\/s\/paper\/_next\/static\/media\/zoom-in.f7dae02f.svg\" alt=\"Vergr\u00f6\u00dfern des Bildes\" title=\"Vergr\u00f6\u00dfern des Bildes\" class=\"block h-[calc(var(--height)_\/_16_*_1rem)] w-[calc(var(--width)_\/_16_*_1rem)] max-w-none absolute bottom-8 right-8 rounded-4 bg-snow p-8\" decoding=\"async\"\/><\/a><\/p>\n<p>Ein m\u00f6glicher Vorsto\u00df aus der EU-Exekutive soll offenbar die Finanzen von Mitgliedsstaaten vor einer drohenden demografischen Krise sch\u00fctzen. (Symbolbild) (Quelle: Pascal Bastien\/AP\/dpa\/dpa-bilder)<\/p>\n<p class=\"font-bold text-18 leading-17\">In Deutschland tobt ein Rentenstreit. Und es k\u00f6nnte sich neuer \u00c4rger bei der Rente anbahnen. Dieses Mal arbeitet Br\u00fcssel an einem EU-weiten Vorsto\u00df.<\/p>\n<p class=\"text-18 leading-17\">Im Verlauf der Woche ist in der Koalition aus Union und <a class=\"transition-colors duration-200 cursor-pointer text-inherit no-underline text-salemsfur md:hover:text-magenta md:hover:border-magenta md:focus:text-magenta border-current border-b border-solid break-words\" href=\"https:\/\/www.t-online.de\/themen\/spd\/\" data-sctrack=\"BodyAnchor\" target=\"_blank\" rel=\"noopener\">SPD<\/a> ein Streit \u00fcber die Reform der <a class=\"transition-colors duration-200 cursor-pointer text-inherit no-underline text-salemsfur md:hover:text-magenta md:hover:border-magenta md:focus:text-magenta border-current border-b border-solid break-words\" href=\"https:\/\/www.t-online.de\/themen\/rente\/\" data-sctrack=\"BodyAnchor\" target=\"_blank\" rel=\"noopener\">Rente<\/a> entbrannt. Dabei machte Anfang vergangener die <a class=\"transition-colors duration-200 cursor-pointer text-inherit no-underline text-salemsfur md:hover:text-magenta md:hover:border-magenta md:focus:text-magenta border-current border-b border-solid break-words\" href=\"https:\/\/www.t-online.de\/nachrichten\/deutschland\/innenpolitik\/id_100954890\/rentenpaket-junge-gruppe-der-union-rebelliert-gegen-plaene-der-regierung.html\" data-sctrack=\"BodyAnchor\" target=\"_blank\" rel=\"noopener\">Junge Gruppe in der Unionsfraktion deutlich, dass sie sich gegen das Rentenpaket der Bundesregierung stelle<\/a>, sollte der Gesetzentwurf von Arbeitsministerin B\u00e4rbel Bas (SPD) zur Abstimmung kommen. Er sehe vor, dass das Rentenniveau dauerhaft um ein Prozent h\u00f6her liegen solle, als es sich nach geltendem Recht ergeben w\u00fcrde. Der Gesetzentwurf sei &#8222;in seiner jetzigen Form nicht zustimmungsf\u00e4hig&#8220;, hie\u00df es in einem Positionspapier der Gruppierung, das t-online vorliegt.<\/p>\n<p class=\"text-18 leading-17\">Daraufhin verteidigte Bas die geplante <a class=\"transition-colors duration-200 cursor-pointer text-inherit no-underline text-salemsfur md:hover:text-magenta md:hover:border-magenta md:focus:text-magenta border-current border-b border-solid break-words\" href=\"https:\/\/www.t-online.de\/finanzen\/ratgeber\/altersvorsorge\/rententipps\/id_88045228\/rentenniveau-48-prozent-was-bedeutet-das-fuer-ihre-rente-.html\" data-sctrack=\"BodyAnchor\" target=\"_blank\" rel=\"noopener\">Stabilisierung des Rentenniveaus<\/a> und zeigte sich trotz des <a class=\"transition-colors duration-200 cursor-pointer text-inherit no-underline text-salemsfur md:hover:text-magenta md:hover:border-magenta md:focus:text-magenta border-current border-b border-solid break-words\" href=\"https:\/\/www.t-online.de\/nachrichten\/deutschland\/id_100959014\/koalition-trotz-streit-zuversichtlich-bei-rente.html\" data-sctrack=\"BodyAnchor\" target=\"_blank\" rel=\"noopener\">Streits bei der Rente<\/a> zuversichtlich. Am Donnerstag erneuerte der Vorsitzende der Jungen Gruppe, Pascal Reddig (CDU), dann seine Kritik. Die Niveaustabilisierung \u00fcber 2031 hinaus werde dazu f\u00fchren, &#8222;dass Beitr\u00e4ge steigen, dass <a class=\"transition-colors duration-200 cursor-pointer text-inherit no-underline text-salemsfur md:hover:text-magenta md:hover:border-magenta md:focus:text-magenta border-current border-b border-solid break-words\" href=\"https:\/\/www.t-online.de\/finanzen\/\" data-sctrack=\"BodyAnchor\" target=\"_blank\" rel=\"noopener\">Steuern<\/a> steigen&#8220;, monierte Reddig. Seiner Aussage nach machten 2026 die Bundeszusch\u00fcsse f\u00fcr die Rente mit 127 Milliarden Euro bereits ein Viertel des Bundeshaushalts aus. 2029 w\u00fcrden es bereits 154 Milliarden Euro sein. Dadurch bleibe dem Staat &#8222;immer weniger finanzieller Spielraum zu Lasten der n\u00e4chsten Generation&#8220;.<\/p>\n<p class=\"text-18 leading-17\">Kritik kommt nicht nur aus dem Inland. Dem Rentensystem in Deutschland droht in seiner derzeitigen Form weiteres Ungemach aus dem Ausland. So erw\u00e4gt die Europ\u00e4ische Union offenbar, Zahlungen aus dem n\u00e4chsten zwei Billionen Euro schweren EU-Haushalt an Rentenreformen in den Mitgliedsl\u00e4ndern zu kn\u00fcpfen, um deren Finanzen vor einer drohenden demografischen Krise zu sch\u00fctzen.<\/p>\n<p class=\"text-18 leading-17\">Das teilten drei hochrangige EU-Beamte dem Nachrichtenportal &#8222;Politico&#8220; mit. Demnach sollen derzeit die Wirtschafts- und Finanzabteilungen der EU-Exekutive pr\u00fcfen, wie die maroden staatlichen Rentensysteme der L\u00e4nder gest\u00fctzt werden k\u00f6nnen, indem sie den einzelnen L\u00e4ndern Ma\u00dfnahmen zur Altersvorsorge empfehlen. Wenn die EU-Hauptst\u00e4dte diese l\u00e4nderspezifischen Empfehlungen ignorieren, k\u00f6nnten diese ab 2028 m\u00f6glicherweise nicht mehr ihren vollen Anteil am Siebenjahreshaushalt der EU erhalten.<\/p>\n<p class=\"text-18 leading-17\">&#8222;Unsere Aufgabe in der Kommission ist es, L\u00e4ndern bei schwierigen Aufgaben zu helfen&#8220;, erkl\u00e4rte ein hochrangiger Beamter der Kommission, der anonym bleiben wollte, &#8222;Politico&#8220;. Die l\u00e4nderspezifischen Empfehlungen &#8222;w\u00e4ren daf\u00fcr gut geeignet&#8220;, indem sie &#8222;Reformen mit Investitionen verkn\u00fcpfen&#8220;.<\/p>\n<p class=\"text-18 leading-17\">Immerhin stehe die EU vor der Aufgabe, eine gef\u00e4hrliche Mischung aus hoher Verschuldung, alternder Bev\u00f6lkerung und sinkenden Geburtenraten zu bew\u00e4ltigen. Die Herausforderung der Zukunft besteht darin, dass diese Faktoren nicht dazu f\u00fchren d\u00fcrfen, jedes \u00f6ffentliche &#8222;Umlageverfahren&#8220;-Rentensystem, auf dem die meisten EU-L\u00e4nder wie Deutschland oder <a class=\"transition-colors duration-200 cursor-pointer text-inherit no-underline text-salemsfur md:hover:text-magenta md:hover:border-magenta md:focus:text-magenta border-current border-b border-solid break-words\" href=\"https:\/\/www.t-online.de\/themen\/frankreich\/\" data-sctrack=\"BodyAnchor\" target=\"_blank\" rel=\"noopener\">Frankreich<\/a> basieren, lahmzulegen. Das Umlageverfahren funktioniert so, dass die Arbeitnehmer Beitr\u00e4ge zahlen, aus denen die laufenden Renten bezahlt werden. Durch den demografischen Wandel reicht die Zahl der Arbeitnehmenden aber nicht mehr aus, um die hohe Zahl an Rentnern zu finanzieren. Das f\u00fchrt unweigerlich dazu, dass die Steuerzahler den Rentnern eine Einkommensquelle bieten.<\/p>\n","protected":false},"excerpt":{"rendered":"R\u00fcckst\u00e4ndige Rentensysteme Renten-\u00c4rger bahnt sich an: EU will Einfluss auf Deutschland nehmen Aktualisiert am 19.10.2025 &#8211; 17:38 UhrLesedauer:&hellip;\n","protected":false},"author":2,"featured_media":511295,"comment_status":"","ping_status":"","sticky":false,"template":"","format":"standard","meta":{"footnotes":""},"categories":[3],"tags":[1593,6892,32036,937,1173,31,29,548,663,1721,156,13,669,14,15,127245,379,22123,127244,20095,7435,12,184,226,10,8,9,11,504,103,104],"class_list":{"0":"post-511294","1":"post","2":"type-post","3":"status-publish","4":"format-standard","5":"has-post-thumbnail","7":"category-welt","8":"tag-1593","9":"tag-altersvorsorge","10":"tag-baerbel-bas","11":"tag-bruessel","12":"tag-bundesregierung","13":"tag-cdu","14":"tag-deutschland","15":"tag-eu","16":"tag-europa","17":"tag-finanzen","18":"tag-frankreich","19":"tag-headlines","20":"tag-krise","21":"tag-nachrichten","22":"tag-news","23":"tag-pascal-reddig","24":"tag-rente","25":"tag-rentenreform","26":"tag-rentenstreit","27":"tag-rentensystem","28":"tag-rentner","29":"tag-schlagzeilen","30":"tag-spd","31":"tag-t-online","32":"tag-top-news","33":"tag-top-meldungen","34":"tag-topmeldungen","35":"tag-topnews","36":"tag-unionsfraktion","37":"tag-welt","38":"tag-world"},"share_on_mastodon":{"url":"https:\/\/pubeurope.com\/@de\/115401948794317704","error":""},"_links":{"self":[{"href":"https:\/\/www.europesays.com\/de\/wp-json\/wp\/v2\/posts\/511294","targetHints":{"allow":["GET"]}}],"collection":[{"href":"https:\/\/www.europesays.com\/de\/wp-json\/wp\/v2\/posts"}],"about":[{"href":"https:\/\/www.europesays.com\/de\/wp-json\/wp\/v2\/types\/post"}],"author":[{"embeddable":true,"href":"https:\/\/www.europesays.com\/de\/wp-json\/wp\/v2\/users\/2"}],"replies":[{"embeddable":true,"href":"https:\/\/www.europesays.com\/de\/wp-json\/wp\/v2\/comments?post=511294"}],"version-history":[{"count":0,"href":"https:\/\/www.europesays.com\/de\/wp-json\/wp\/v2\/posts\/511294\/revisions"}],"wp:featuredmedia":[{"embeddable":true,"href":"https:\/\/www.europesays.com\/de\/wp-json\/wp\/v2\/media\/511295"}],"wp:attachment":[{"href":"https:\/\/www.europesays.com\/de\/wp-json\/wp\/v2\/media?parent=511294"}],"wp:term":[{"taxonomy":"category","embeddable":true,"href":"https:\/\/www.europesays.com\/de\/wp-json\/wp\/v2\/categories?post=511294"},{"taxonomy":"post_tag","embeddable":true,"href":"https:\/\/www.europesays.com\/de\/wp-json\/wp\/v2\/tags?post=511294"}],"curies":[{"name":"wp","href":"https:\/\/api.w.org\/{rel}","templated":true}]}}