{"id":511721,"date":"2025-10-19T21:17:18","date_gmt":"2025-10-19T21:17:18","guid":{"rendered":"https:\/\/www.europesays.com\/de\/511721\/"},"modified":"2025-10-19T21:17:18","modified_gmt":"2025-10-19T21:17:18","slug":"warum-robbie-williams-vor-taylor-swift-angst-hat","status":"publish","type":"post","link":"https:\/\/www.europesays.com\/de\/511721\/","title":{"rendered":"Warum Robbie Williams vor Taylor Swift Angst hat"},"content":{"rendered":"<p class=\"tracking-tight font-semibold text-base\" q:key=\"O8_0\">Robbie Williams verschiebt den Release seines Albums \u00abBritpop\u00bb, um der US-Popqueen aus dem Weg zu gehen.<\/p>\n<p><img onload=\"this.style.backgroundColor = ''\" loading=\"eager\" fetchpriority=\"high\" decoding=\"sync\" height=\"450\" alt=\"Robbie Williams Taylor Swift\" width=\"900\"  style=\"aspect-ratio:2;object-fit:cover;background-color:#7A5D5D\"  src=\"https:\/\/www.europesays.com\/de\/wp-content\/uploads\/2025\/10\/robbie-williams-taylor-swift.jpg\" class=\"rounded-xl mx-auto\" on:load=\"q-DJ8QvbLR.js#s_pVFDuJsFGxQ\"\/>Robbie Williams weicht der Konkurrenz Taylor Swift in den Charts aus. &#8211; keystone\/BBC<\/p>\n<p>Das Wichtigste in K\u00fcrze<\/p>\n<ul lang=\"de\" class=\"p-0 list-inside list-none hyphens-auto\" q:key=\"Db_4\">\n<li class=\"mt-2 first:mt-0 list-disc list-outside ms-6\" q:key=\"0\">\n<p>Robbie Williams verschiebt den Release seines Albums wegen Taylor Swift.<\/p>\n<\/li>\n<li class=\"mt-2 first:mt-0 list-disc list-outside ms-6\" q:key=\"1\">\n<p>Er sei zwar immer noch eine grosse Nummer, doch mit ihr k\u00f6nne er \u00abnicht mithalten\u00bb.<\/p>\n<\/li>\n<li class=\"mt-2 first:mt-0 list-disc list-outside ms-6\" q:key=\"2\">\n<p>Damit erhofft sich der S\u00e4nger, einen Rekord in Grossbritannien zu knacken.<\/p>\n<\/li>\n<\/ul>\n<p preventdefault:click=\"\" lang=\"de\" class=\"text-base hyphens-auto\" on:click=\"q-DZWt_kAh.js#s_Dola2XqN0FU[0 1]\" q:key=\"YR_0\" q:id=\"8v\">Robbie Williams verschiebt sein neues Album \u00abBritpop\u00bb auf Februar. Laut \u00ab<a href=\"https:\/\/www.nau.ch\/news\/bbc\" target=\"_blank\" rel=\"noopener\">BBC<\/a> Radio 1\u00bb ist Taylor Swift der Grund f\u00fcr diesen Schritt.<\/p>\n<p preventdefault:click=\"\" lang=\"de\" class=\"text-base hyphens-auto\" on:click=\"q-DZWt_kAh.js#s_Dola2XqN0FU[0 1]\" q:key=\"YR_0\" q:id=\"8x\">Urspr\u00fcnglich wollte er es am 10. Oktober ver\u00f6ffentlichen, doch Swifts neues Album h\u00e4tte ihm wohl die Chartspitze streitig gemacht. Williams h\u00e4lt aktuell gemeinsam mit den <a href=\"https:\/\/www.nau.ch\/people\/beatles\" target=\"_blank\" rel=\"noopener\">Beatles<\/a> den Rekord f\u00fcr 15 Nummer-eins-Alben in Grossbritannien.<\/p>\n<p>\u00abBritpop\u00bb soll Rekord knacken<\/p>\n<p preventdefault:click=\"\" lang=\"de\" class=\"text-base hyphens-auto\" on:click=\"q-DZWt_kAh.js#s_Dola2XqN0FU[0 1]\" q:key=\"YR_0\" q:id=\"8z\">Mit dem Album \u00abBritpop\u00bb will er <a href=\"https:\/\/www.nau.ch\/people\/welt\/britpop-robbie-williams-meldet-sich-mit-album-zuruck-66993945\" target=\"_blank\" rel=\"noopener\">alleiniger Spitzenreiter<\/a> werden. Er sei \u00absehr ehrgeizig\u00bb und wolle sich diesen Erfolg unbedingt sichern.<\/p>\n<p preventdefault:click=\"\" lang=\"de\" class=\"text-base hyphens-auto\" on:click=\"q-DZWt_kAh.js#s_Dola2XqN0FU[0 1]\" q:key=\"YR_0\" q:id=\"99\">Der S\u00e4nger scherzte im Interview, dass er mit Taylor Swift \u00abnicht mithalten\u00bb k\u00f6nne und seine Ver\u00f6ffentlichung bewusst verschob. F\u00fcr ihn sei das fast eine \u00abalternative Realit\u00e4t\u00bb, wenn er \u00fcber seine Karriere und die neue Platte spricht.<\/p>\n<p preventdefault:click=\"\" lang=\"de\" class=\"text-base hyphens-auto\" on:click=\"q-DZWt_kAh.js#s_Dola2XqN0FU[0 1]\" q:key=\"YR_0\" q:id=\"9b\">Auch auf einem <a href=\"https:\/\/www.nau.ch\/news\/konzert\" target=\"_blank\" rel=\"noopener\">Konzert<\/a> in Camden sprach Robbie Williams laut \u00abThe Sun\u00bb \u00fcber die Verschiebung. Vor seinen Fans erkl\u00e4rte er: \u00abWir tun alle so, als ginge es nicht um Taylor Swift, aber das ist verdammt noch mal so.\u00bb<\/p>\n<p preventdefault:click=\"\" lang=\"de\" class=\"text-base hyphens-auto\" on:click=\"q-DZWt_kAh.js#s_Dola2XqN0FU[0 1]\" q:key=\"YR_0\" q:id=\"9d\">Das urspr\u00fcngliche Release-Datum von \u00abBritpop\u00bb lag nur eine Woche nach Swifts Album-Release \u00abThe Life of a Showgirl\u00bb. Williams habe sich gedacht \u00abverdammt noch mal\u00bb und den <a href=\"https:\/\/www.nau.ch\/people\/welt\/robbie-williams-aussert-sich-zu-seinem-tourette-67050972\" target=\"_blank\" rel=\"noopener\">Termin neu gesetzt<\/a>.<\/p>\n<p><img onload=\"this.style.backgroundColor = ''\" loading=\"lazy\" decoding=\"async\" height=\"600\" alt=\"Robbie Williams\" width=\"900\"  style=\"aspect-ratio:1.5;object-fit:cover;background-color:#53392F\"  src=\"https:\/\/www.europesays.com\/de\/wp-content\/uploads\/2025\/10\/robbie-williams.jpg\" class=\"rounded-xl mx-auto\" on:load=\"q-DJ8QvbLR.js#s_pVFDuJsFGxQ\"\/>Robbie Williams gibt zu, dass er nicht in Chart-Konkurrenz mit Taylor Swift treten will &#8211; auch wenn es ihm leid tut, seine Fans dadurch warten zu lassen. (Archivbild) &#8211; keystone<\/p>\n<p preventdefault:click=\"\" lang=\"de\" class=\"text-base hyphens-auto\" on:click=\"q-DZWt_kAh.js#s_Dola2XqN0FU[0 1]\" q:key=\"YR_0\" q:id=\"9i\">Nun kommt sein Album also im Februar, \u00abwenn keiner ein Album [frisch] draussen hat\u00bb, sagte der <a href=\"https:\/\/www.nau.ch\/news\/musiker\" target=\"_blank\" rel=\"noopener\">Musiker<\/a>. Er betonte, dass er die Fans ungern warten lasse, doch die Chance auf einen Rekord gebe es nicht oft.<\/p>\n<p>Ziel: Alleiniger Rekordhalter<\/p>\n<p preventdefault:click=\"\" lang=\"de\" class=\"text-base hyphens-auto\" on:click=\"q-DZWt_kAh.js#s_Dola2XqN0FU[0 1]\" q:key=\"YR_0\" q:id=\"9k\">Robbie Williams plant, das Album am 6. Februar zu ver\u00f6ffentlichen. Dann will er seinen Namen ohne <a href=\"https:\/\/www.nau.ch\/people\/beatles\" target=\"_blank\" rel=\"noopener\">Beatles<\/a> im Chartbuch sehen, wie er \u00ab<a href=\"https:\/\/www.nau.ch\/news\/bbc\" target=\"_blank\" rel=\"noopener\">BBC<\/a> Radio 1\u00bb berichtete.<\/p>\n<p preventdefault:click=\"\" lang=\"de\" class=\"text-base hyphens-auto\" on:click=\"q-DZWt_kAh.js#s_Dola2XqN0FU[0 1]\" q:key=\"YR_0\" q:id=\"9m\">Ob sein Plan <a href=\"https:\/\/www.nau.ch\/people\/welt\/robbie-williams-muss-konzert-in-istanbul-absagen-67051840\" target=\"_blank\" rel=\"noopener\">aufgeht, bleibt offen.<\/a> Fest steht: F\u00fcr Williams steht im Februar nicht nur ein Release, sondern ein potenzieller Platz in der Musikgeschichte an.<\/p>\n","protected":false},"excerpt":{"rendered":"Robbie Williams verschiebt den Release seines Albums \u00abBritpop\u00bb, um der US-Popqueen aus dem Weg zu gehen. Robbie Williams&hellip;\n","protected":false},"author":2,"featured_media":511722,"comment_status":"","ping_status":"","sticky":false,"template":"","format":"standard","meta":{"footnotes":""},"categories":[1772],"tags":[6363,73475,29,214,30,1779,810,6357,13470,6856,117823,215],"class_list":{"0":"post-511721","1":"post","2":"type-post","3":"status-publish","4":"format-standard","5":"has-post-thumbnail","7":"category-musik","8":"tag-album","9":"tag-britpop","10":"tag-deutschland","11":"tag-entertainment","12":"tag-germany","13":"tag-music","14":"tag-musik","15":"tag-release","16":"tag-robbie-williams","17":"tag-taylor-swift","18":"tag-the-life-of-a-showgirl","19":"tag-unterhaltung"},"share_on_mastodon":{"url":"https:\/\/pubeurope.com\/@de\/115402916332104300","error":""},"_links":{"self":[{"href":"https:\/\/www.europesays.com\/de\/wp-json\/wp\/v2\/posts\/511721","targetHints":{"allow":["GET"]}}],"collection":[{"href":"https:\/\/www.europesays.com\/de\/wp-json\/wp\/v2\/posts"}],"about":[{"href":"https:\/\/www.europesays.com\/de\/wp-json\/wp\/v2\/types\/post"}],"author":[{"embeddable":true,"href":"https:\/\/www.europesays.com\/de\/wp-json\/wp\/v2\/users\/2"}],"replies":[{"embeddable":true,"href":"https:\/\/www.europesays.com\/de\/wp-json\/wp\/v2\/comments?post=511721"}],"version-history":[{"count":0,"href":"https:\/\/www.europesays.com\/de\/wp-json\/wp\/v2\/posts\/511721\/revisions"}],"wp:featuredmedia":[{"embeddable":true,"href":"https:\/\/www.europesays.com\/de\/wp-json\/wp\/v2\/media\/511722"}],"wp:attachment":[{"href":"https:\/\/www.europesays.com\/de\/wp-json\/wp\/v2\/media?parent=511721"}],"wp:term":[{"taxonomy":"category","embeddable":true,"href":"https:\/\/www.europesays.com\/de\/wp-json\/wp\/v2\/categories?post=511721"},{"taxonomy":"post_tag","embeddable":true,"href":"https:\/\/www.europesays.com\/de\/wp-json\/wp\/v2\/tags?post=511721"}],"curies":[{"name":"wp","href":"https:\/\/api.w.org\/{rel}","templated":true}]}}