{"id":511929,"date":"2025-10-19T23:11:19","date_gmt":"2025-10-19T23:11:19","guid":{"rendered":"https:\/\/www.europesays.com\/de\/511929\/"},"modified":"2025-10-19T23:11:19","modified_gmt":"2025-10-19T23:11:19","slug":"usa-greifen-kolumbianisches-rebellenboot-an-trump-bezeichnet-petro-als-illegalen-drogenboss","status":"publish","type":"post","link":"https:\/\/www.europesays.com\/de\/511929\/","title":{"rendered":"USA greifen kolumbianisches Rebellenboot an &#8211; Trump bezeichnet Petro als ,,illegalen Drogenboss&#8220;"},"content":{"rendered":"<p>US-Streitkr\u00e4fte haben ein Schiff angegriffen, das mit einer kolumbianischen linken Rebellengruppe in Verbindung steht. Das teilte Verteidigungsminister Pete Hegseth am Sonntag mit &#8211; am selben Tag, an dem US-Pr\u00e4sident Donald Trump den kolumbianischen Pr\u00e4sidenten Gustavo Petro als ,,illegalen Drogenboss&#8220; bezeichnete und ank\u00fcndigte, s\u00e4mtliche Zahlungen an das s\u00fcdamerikanische Land einzustellen.<\/p>\n<p>Trumps \u00c4u\u00dferungen markieren einen neuen Tiefpunkt in den Beziehungen zwischen Bogot\u00e1 und Washington, die seit Trumps R\u00fcckkehr ins Amt im Januar und einer Serie von US-Milit\u00e4rschl\u00e4gen gegen mutma\u00dflich drogenbeladene Schiffe in der Karibik zunehmend angespannt sind.<\/p>\n<p>Hegseth schrieb auf X, das Pentagon habe am Freitag ein Schiff zerst\u00f6rt und drei Personen get\u00f6tet, ,,im Verantwortungsbereich von USSOUTHCOM&#8220;, zu dem auch die Karibik geh\u00f6rt.<\/p>\n<p>Er erkl\u00e4rte, das Schiff sei mit der linken Rebellengruppe Nationale Befreiungsarmee (ELN) verbunden gewesen und habe sich am Schmuggel illegaler Drogen beteiligt &#8211; ohne jedoch Beweise f\u00fcr diese Behauptung zu liefern.<\/p>\n<p>Das Pentagon erkl\u00e4rte, es habe dar\u00fcber hinaus keine weiteren Informationen als Hegseths urspr\u00fcnglichen Beitrag.<\/p>\n<p><b>KOLUMBIEN VERURTEILT TRUMPS \u00c4USSERUNGEN<\/b><\/p>\n<p>Das kolumbianische Au\u00dfenministerium verurteilte Trumps Aussagen als beleidigend und als direkte Bedrohung der Souver\u00e4nit\u00e4t des Landes. Man werde internationale Unterst\u00fctzung einholen, um Pr\u00e4sident Petro und die Autonomie Kolumbiens zu verteidigen.<\/p>\n<p>,,Diese Anschuldigungen stellen einen \u00e4u\u00dferst schweren Vorgang dar und untergraben die W\u00fcrde des Pr\u00e4sidenten der Kolumbianer&#8220;, hie\u00df es in einer Erkl\u00e4rung.<\/p>\n<p>Hegseths Beitrag erfolgte nur wenige Stunden, nachdem Trump Petro in den sozialen Medien scharf angegriffen und angek\u00fcndigt hatte, die gro\u00dffl\u00e4chigen Zahlungen und Subventionen an Kolumbien zu stoppen.<\/p>\n<p>,,Pr\u00e4sident Gustavo Petro aus Kolumbien ist ein illegaler Drogenboss, der die massive Produktion von Drogen auf gro\u00dfen und kleinen Feldern im ganzen Land stark f\u00f6rdert&#8220;, schrieb Trump auf Truth Social.<\/p>\n<p>,,Zweck dieser Drogenproduktion ist der Verkauf gro\u00dfer Mengen des Produkts in die Vereinigten Staaten, was Tod, Zerst\u00f6rung und Chaos verursacht&#8220;, so Trump weiter.<\/p>\n<p>Reuters konnte zun\u00e4chst nicht kl\u00e4ren, auf welche Zahlungen sich Trump bezog. Kolumbien war einst einer der gr\u00f6\u00dften Empf\u00e4nger von US-Hilfsgeldern in der westlichen Hemisph\u00e4re, doch der Geldfluss wurde in diesem Jahr abrupt gestoppt, nachdem USAID &#8211; die humanit\u00e4re Hilfsorganisation der US-Regierung &#8211; geschlossen wurde.<\/p>\n<p>Das US-Au\u00dfenministerium verwies bei Nachfragen an das Wei\u00dfe Haus, das zun\u00e4chst keine Stellungnahme abgab.<\/p>\n<p><b>ANGESPANNTE BEZIEHUNGEN<\/b><\/p>\n<p>Im vergangenen Monat hatte die US-Regierung Petros Visum widerrufen, nachdem dieser an einer pro-pal\u00e4stinensischen Demonstration in New York teilgenommen und US-Soldaten aufgefordert hatte, Trumps Befehlen nicht zu folgen.<\/p>\n<p>Auch die t\u00f6dlichen US-Angriffe auf Schiffe in der Karibik haben in Kolumbien Emp\u00f6rung ausgel\u00f6st. Viele Juristen und Menschenrechtsaktivisten verurteilten die au\u00dfergew\u00f6hnliche Serie milit\u00e4rischer Aktionen, Amnesty International sprach von Mord auf hoher See.<\/p>\n<p>Zu Beginn dieses Monats hatte Petro erkl\u00e4rt, einer der Angriffe habe ein kolumbianisches Schiff getroffen &#8211; eine Behauptung, die die Trump-Regierung dementierte.<\/p>\n<p>Petro verurteilte den j\u00fcngsten Bombenangriff und erkl\u00e4rte, das Boot habe einer ,,bescheidenen Familie&#8220; geh\u00f6rt, nicht der Nationalen Befreiungsarmee. Auch auf Trumps \u00c4u\u00dferungen reagierte er scharf.<\/p>\n<p>,,Herr Trump, Kolumbien war nie unh\u00f6flich zu den Vereinigten Staaten&#8230; aber Sie sind unh\u00f6flich und ignorant gegen\u00fcber Kolumbien&#8220;, antwortete Petro auf X. ,,Da ich kein Gesch\u00e4ftsmann bin, bin ich erst recht kein Drogenh\u00e4ndler. In meinem Herzen gibt es keine Gier.&#8220;<\/p>\n<p>Kolumbien k\u00e4mpft weiterhin mit eigenen, langj\u00e4hrigen Drogenproblemen. Im vergangenen Jahr versprach Petro, die Kokaanbaugebiete des Landes durch massive soziale und milit\u00e4rische Interventionen zu befrieden &#8211; doch die Strategie brachte bislang wenig Erfolg.<\/p>\n<p>Im September hatte Trump L\u00e4nder wie Afghanistan, Bolivien, Burma, Kolumbien und Venezuela zu jenen erkl\u00e4rt, die nach Ansicht der Vereinigten Staaten im vergangenen Jahr ,,nachweislich&#8220; bei der Einhaltung von Drogenbek\u00e4mpfungsabkommen versagt h\u00e4tten.<\/p>\n","protected":false},"excerpt":{"rendered":"US-Streitkr\u00e4fte haben ein Schiff angegriffen, das mit einer kolumbianischen linken Rebellengruppe in Verbindung steht. Das teilte Verteidigungsminister Pete&hellip;\n","protected":false},"author":2,"featured_media":511930,"comment_status":"","ping_status":"","sticky":false,"template":"","format":"standard","meta":{"footnotes":""},"categories":[3977],"tags":[331,332,665,13,14,15,12,4017,4018,4016,64,4019,4020],"class_list":{"0":"post-511929","1":"post","2":"type-post","3":"status-publish","4":"format-standard","5":"has-post-thumbnail","7":"category-usa","8":"tag-aktuelle-nachrichten","9":"tag-aktuelle-news","10":"tag-boerse","11":"tag-headlines","12":"tag-nachrichten","13":"tag-news","14":"tag-schlagzeilen","15":"tag-united-states","16":"tag-united-states-of-america","17":"tag-us","18":"tag-usa","19":"tag-vereinigte-staaten","20":"tag-vereinigte-staaten-von-amerika"},"share_on_mastodon":{"url":"https:\/\/pubeurope.com\/@de\/115403363768718053","error":""},"_links":{"self":[{"href":"https:\/\/www.europesays.com\/de\/wp-json\/wp\/v2\/posts\/511929","targetHints":{"allow":["GET"]}}],"collection":[{"href":"https:\/\/www.europesays.com\/de\/wp-json\/wp\/v2\/posts"}],"about":[{"href":"https:\/\/www.europesays.com\/de\/wp-json\/wp\/v2\/types\/post"}],"author":[{"embeddable":true,"href":"https:\/\/www.europesays.com\/de\/wp-json\/wp\/v2\/users\/2"}],"replies":[{"embeddable":true,"href":"https:\/\/www.europesays.com\/de\/wp-json\/wp\/v2\/comments?post=511929"}],"version-history":[{"count":0,"href":"https:\/\/www.europesays.com\/de\/wp-json\/wp\/v2\/posts\/511929\/revisions"}],"wp:featuredmedia":[{"embeddable":true,"href":"https:\/\/www.europesays.com\/de\/wp-json\/wp\/v2\/media\/511930"}],"wp:attachment":[{"href":"https:\/\/www.europesays.com\/de\/wp-json\/wp\/v2\/media?parent=511929"}],"wp:term":[{"taxonomy":"category","embeddable":true,"href":"https:\/\/www.europesays.com\/de\/wp-json\/wp\/v2\/categories?post=511929"},{"taxonomy":"post_tag","embeddable":true,"href":"https:\/\/www.europesays.com\/de\/wp-json\/wp\/v2\/tags?post=511929"}],"curies":[{"name":"wp","href":"https:\/\/api.w.org\/{rel}","templated":true}]}}