{"id":511931,"date":"2025-10-19T23:12:32","date_gmt":"2025-10-19T23:12:32","guid":{"rendered":"https:\/\/www.europesays.com\/de\/511931\/"},"modified":"2025-10-19T23:12:32","modified_gmt":"2025-10-19T23:12:32","slug":"wie-trumps-maga-umfeld-die-britischen-rechten-staerkt","status":"publish","type":"post","link":"https:\/\/www.europesays.com\/de\/511931\/","title":{"rendered":"Wie Trumps MAGA-Umfeld die britischen Rechten st\u00e4rkt"},"content":{"rendered":"<p>            <img loading=\"lazy\" decoding=\"async\" class=\"ts-image\" src=\"https:\/\/www.europesays.com\/de\/wp-content\/uploads\/2025\/10\/candy-musk-farage-100.jpg\" alt=\"Nick Candy, Elon Musk und Nigel Farage vor einem Gem\u00e4lde von Donald Trump 2024.\" title=\"Nick Candy, Elon Musk und Nigel Farage vor einem Gem\u00e4lde von Donald Trump 2024. | dpa\"\/><\/p>\n<p>                    <strong>analyse<\/strong><\/p>\n<p class=\"metatextline\">Stand: 17.09.2025 12:51 Uhr<\/p>\n<p class=\"textabsatz columns twelve  m-ten  m-offset-one l-eight l-offset-two\">\n        <strong>K\u00f6nig Charles III. und Premier Starmer hofieren einen US-Pr\u00e4sidenten, dessen Umfeld versucht, die demokratische Mitte im K\u00f6nigreich zu unterminieren. Denn die MAGA-Bewegung um Trump will dort die Ultrarechten st\u00e4rken.<\/strong>\n    <\/p>\n<p>                                        <a class=\"authorline__link\" href=\"https:\/\/www.tagesschau.de\/korrespondenten\/annette-dittert-107.html\" target=\"_blank\" rel=\"noopener\"><br \/>\n                                            <img decoding=\"async\" class=\"authorline__img\" alt=\"Annette Dittert\" src=\"https:\/\/www.europesays.com\/de\/wp-content\/uploads\/2025\/10\/dittert-124.jpg\"\/><br \/>\n                                        <\/a><\/p>\n<p class=\"textabsatz m-ten m-offset-one l-eight l-offset-two columns twelve\">Keir Starmer d\u00fcrfte erleichtert aufatmen, wenn Donald Trump am Donnerstagabend wieder im Flieger Richtung Washington sitzt, ohne dass seine Autorit\u00e4t als britischer Premier zuvor von diesem Besucher aus Washington offen untergraben wurde.<\/p>\n<p class=\"textabsatz m-ten m-offset-one l-eight l-offset-two columns twelve\">Denn hier reist kein Freund der britischen Regierung aus Washington an, sondern ein US-Pr\u00e4sident, der zwar den Glamour des K\u00f6nigshauses f\u00fcr sch\u00f6ne Bilder von sich nutzen will, ansonsten aber kaum einen Hehl daraus macht, dass er von den Grundprinzipien der britischen Demokratie wenig h\u00e4lt.\u00a0<\/p>\n<p>    Rechtspopulist Farage von Trump hofiert<\/p>\n<p class=\"textabsatz m-ten m-offset-one l-eight l-offset-two columns twelve\">Mehr noch: Mit Trump kommt ein Pr\u00e4sident, der erst vor wenigen Tagen den gef\u00e4hrlichsten Gegner des britischen Premiers, den Rechtspopulisten Nigel Farage, zum Freundschaftsbesuch im Wei\u00dfen Haus empfangen hat, nachdem der gerade erst dem US-Kongress erkl\u00e4rt hatte, Gro\u00dfbritannien sei unter Starmer zu einem autorit\u00e4ren Staat wie Nordkorea verkommen, in dem die Meinungsfreiheit unterdr\u00fcckt werde.<\/p>\n<p class=\"textabsatz m-ten m-offset-one l-eight l-offset-two columns twelve\">Als Beleg daf\u00fcr diente ihm der Fall der Britin Lucy Conolly, die f\u00fcr einen Post auf X, in dem sie w\u00e4hrend gewaltt\u00e4tiger Ausschreitungen vor Asylunterk\u00fcnften zu Brandanschl\u00e4gen aufrief, von einem britischen Gericht rechtskr\u00e4ftig zu 31 Monaten Haft verurteilt wurde.<\/p>\n<p class=\"textabsatz m-ten m-offset-one l-eight l-offset-two columns twelve\">Seit sie im August entlassen wurde, wird sie sowohl in den USA als auch in der rechten wie rechtsextremen Szene in Gro\u00dfbritannien als politische Gefangene Starmers inszeniert. Farage lud sie gar als Stargast zu seinem j\u00fcngsten Parteitag ein.\u00a0<\/p>\n<p class=\"textabsatz m-ten m-offset-one l-eight l-offset-two columns twelve\">Und auch sonst lehnen sich seine Wahlversprechen eng an Trumps Vorgehen in den USA an. Nach US-amerikanischem Vorbild will Farage ein hochger\u00fcstetes &#8222;UK Deportation Command&#8220; einrichten, das Massenabschiebungen durchf\u00fchrt, ohne genauer zu differenzieren, nach welchen Kriterien das geschehen soll. Es sind Parolen, die in der diversen Gesellschaft Gro\u00dfbritanniens zunehmend f\u00fcr Angst und Unruhe sorgen.\u00a0<\/p>\n<p>    Spaltungsversuche durch US-Vize Vance<\/p>\n<p class=\"textabsatz m-ten m-offset-one l-eight l-offset-two columns twelve\">Auch Trumps Vize JD Vance greift die Starmer-Regierung an. Dessen j\u00fcngster Besuch in den idyllischen Cotswolds war kein einfacher Urlaubstrip nach England. Er nutzte ihn, um sich beim Barbecue mit all jenen zu treffen, die Starmers Regierung von rechts oder ganz rechts zu destabilisieren versuchen.<\/p>\n<p class=\"textabsatz m-ten m-offset-one l-eight l-offset-two columns twelve\">Dabei mischt er sich gern auch selbst in die britische Innenpolitik ein: Erst im letzten Sommer warnte er etwa, die Insel laufe Gefahr, von der muslimischen Bev\u00f6lkerung \u00fcbernommen zu werden, Gro\u00dfbritannien k\u00f6nne so &#8222;das erste islamistische Land Europas mit Nuklearwaffen werden&#8220;. Es war ein klarer Versuch, Teile der britischen Gesellschaft gegeneinander aufzubringen. Tats\u00e4chlich bel\u00e4uft sich die muslimische Bev\u00f6lkerung Gro\u00dfbritanniens auf circa sechs Prozent.\u00a0<\/p>\n<p>    Tesla-Chef Musk ruft Rechtsextreme zu Gewalt auf<\/p>\n<p class=\"textabsatz m-ten m-offset-one l-eight l-offset-two columns twelve\">Teile der MAGA-Bewegung in den USA gehen aber noch weiter und unterst\u00fctzen die rechtsextreme Szene Gro\u00dfbritanniens ganz direkt und auch finanziell. Bei einer Demonstration am vergangenen Samstag, zu der der mehrfach verurteilte Rechtsextreme Stephen Yaxley-Lennon, alias &#8222;Tommy Robinson&#8220;, geladen hatte, rief dessen Unterst\u00fctzer Elon Musk mehr oder weniger unverhohlen dazu auf, sich mit Gewalt gegen dessen Gegner zu wehren.<\/p>\n<p class=\"textabsatz m-ten m-offset-one l-eight l-offset-two columns twelve\">Zugeschaltet auf einer gro\u00dfen Videowand erkl\u00e4rte der Tech-Milliard\u00e4r den rund 150.000 versammelten Briten:\u00a0&#8222;Ob du f\u00fcr Gewalt bist oder nicht, sie kommt sowieso zu dir. Entweder schl\u00e4gst du zur\u00fcck oder du stirbst.&#8220;<\/p>\n<p class=\"textabsatz m-ten m-offset-one l-eight l-offset-two columns twelve\">Keir Starmer \u00e4u\u00dferte sich erst zwei Tage sp\u00e4ter vor der Kamera zu der Demonstration\u00a0und Elon Musk, vorsichtig und ohne ihn beim Namen zu nennen:\u00a0&#8222;Das hat einen Schauer durch unser Land gejagt. Da sind jetzt Menschen, die nun mehr Angst haben als vorher. Ich verstehe das, und ich werde als britischer Premier und Chef der Labour-Partei f\u00fcr echten Patriotismus aufstehen, gegen dieses zunehmend polarisierende und toxische Chaos.&#8220;<\/p>\n<p>    Starmers komplizierter Drahtseilakt<\/p>\n<p class=\"textabsatz m-ten m-offset-one l-eight l-offset-two columns twelve\">P\u00fcnktlich zum Trump-Besuch ist Keir Starmer damit in einer au\u00dferordentlich schwierigen Lage. Nicht zuletzt durch den Brexit ist das Vereinigte K\u00f6nigreich wirtschaftlich und vor allem bei der Verteidigung noch st\u00e4rker auf die USA angewiesen als schon zuvor.<\/p>\n<p class=\"textabsatz m-ten m-offset-one l-eight l-offset-two columns twelve\">Starmer bleibt gar nichts anderes \u00fcbrig, als Trump irgendwie an seiner Seite zu halten. Gleichzeitig muss er sich und sein Land gegen die immer aggressiver werdenden Einmischungen aus dem Umfeld dieses US-Pr\u00e4sidenten verteidigen.<\/p>\n<p class=\"textabsatz m-ten m-offset-one l-eight l-offset-two columns twelve\">Denn das durch die Folgen des Brexit\u00a0politisch und wirtschaftlich geschw\u00e4chte Gro\u00dfbritannien ist jetzt umso anf\u00e4lliger f\u00fcr eine zweite\u00a0Welle\u00a0des\u00a0Rechtspopulismus. Die Entwicklungen in den USA wirken da derzeit wie ein Brandbeschleuniger. Womit der britische Premier, der sich selbst gerne als Br\u00fcckenbauer zwischen den USA und der EU beschreibt, bei diesem Besuch und auch in Zukunft einen immer komplizierter werdenden Drahtseilakt vollf\u00fchren muss.<\/p>\n","protected":false},"excerpt":{"rendered":"analyse Stand: 17.09.2025 12:51 Uhr K\u00f6nig Charles III. und Premier Starmer hofieren einen US-Pr\u00e4sidenten, dessen Umfeld versucht, die&hellip;\n","protected":false},"author":2,"featured_media":511932,"comment_status":"","ping_status":"","sticky":false,"template":"","format":"standard","meta":{"footnotes":""},"categories":[3976],"tags":[331,332,13,68040,14,15,12,113,3992,3993,3994,64,3995,3996,3997],"class_list":{"0":"post-511931","1":"post","2":"type-post","3":"status-publish","4":"format-standard","5":"has-post-thumbnail","7":"category-vereinigtes-koenigreich","8":"tag-aktuelle-nachrichten","9":"tag-aktuelle-news","10":"tag-headlines","11":"tag-maga","12":"tag-nachrichten","13":"tag-news","14":"tag-schlagzeilen","15":"tag-trump","16":"tag-uk","17":"tag-united-kingdom","18":"tag-united-kingdom-of-great-britain-and-northern-ireland","19":"tag-usa","20":"tag-vereinigtes-koenigreich","21":"tag-vereinigtes-koenigreich-grossbritannien-und-nordirland","22":"tag-vereinigtes-koenigreich-von-grossbritannien-und-nordirland"},"share_on_mastodon":{"url":"https:\/\/pubeurope.com\/@de\/115403368364855320","error":""},"_links":{"self":[{"href":"https:\/\/www.europesays.com\/de\/wp-json\/wp\/v2\/posts\/511931","targetHints":{"allow":["GET"]}}],"collection":[{"href":"https:\/\/www.europesays.com\/de\/wp-json\/wp\/v2\/posts"}],"about":[{"href":"https:\/\/www.europesays.com\/de\/wp-json\/wp\/v2\/types\/post"}],"author":[{"embeddable":true,"href":"https:\/\/www.europesays.com\/de\/wp-json\/wp\/v2\/users\/2"}],"replies":[{"embeddable":true,"href":"https:\/\/www.europesays.com\/de\/wp-json\/wp\/v2\/comments?post=511931"}],"version-history":[{"count":0,"href":"https:\/\/www.europesays.com\/de\/wp-json\/wp\/v2\/posts\/511931\/revisions"}],"wp:featuredmedia":[{"embeddable":true,"href":"https:\/\/www.europesays.com\/de\/wp-json\/wp\/v2\/media\/511932"}],"wp:attachment":[{"href":"https:\/\/www.europesays.com\/de\/wp-json\/wp\/v2\/media?parent=511931"}],"wp:term":[{"taxonomy":"category","embeddable":true,"href":"https:\/\/www.europesays.com\/de\/wp-json\/wp\/v2\/categories?post=511931"},{"taxonomy":"post_tag","embeddable":true,"href":"https:\/\/www.europesays.com\/de\/wp-json\/wp\/v2\/tags?post=511931"}],"curies":[{"name":"wp","href":"https:\/\/api.w.org\/{rel}","templated":true}]}}