{"id":511946,"date":"2025-10-19T23:21:00","date_gmt":"2025-10-19T23:21:00","guid":{"rendered":"https:\/\/www.europesays.com\/de\/511946\/"},"modified":"2025-10-19T23:21:00","modified_gmt":"2025-10-19T23:21:00","slug":"pristine-tame-the-abyss-21-09-25-bonn-harmonie","status":"publish","type":"post","link":"https:\/\/www.europesays.com\/de\/511946\/","title":{"rendered":"Pristine, Tame The Abyss, 21.09.25, Bonn, Harmonie"},"content":{"rendered":"<p>\t\tHeidiwitzka!<br \/>\n<a href=\"https:\/\/www.europesays.com\/de\/wp-content\/uploads\/2025\/10\/P1490465.jpg\"><img loading=\"lazy\" decoding=\"async\" src=\"https:\/\/www.europesays.com\/de\/wp-content\/uploads\/2025\/10\/P1490465.jpg\" alt=\"Pristine, Bonn, Harmonie, (c) Bernd Zimmermann\" width=\"1438\" height=\"1080\" class=\"alignnone size-full wp-image-181747\"  \/><\/a><br \/>\n<strong>Klar, es kann auch wohlig vertraut und nett sein, wenn immer alles exakt beim Gleichen bleibt \u2013 unterschlagen wir jetzt mal besser Beispiele daf\u00fcr, was oder wer damit gemeint ist&#8230; Aber eigentlich geh\u00f6rt heftige \u00dcberraschung doch zu den sch\u00f6neren Erlebnissen, die man bei einem Konzertbesuch haben kann, oder? Wenn man die Band ganz gut kennt, ihr Material auch, sie damit auch schon live gesehen hat. Und dann passiert dennoch das v\u00f6llig Unerwartete, das einen Song und die Band v\u00f6llig neu erleben l\u00e4sst. So geschehen bei den eh immer wunderbaren <a href=\"https:\/\/www.betreutesproggen.de\/?s=pristine\" rel=\"\u201cnofollow\u201c noopener\" target=\"_blank\">Pristine<\/a> (deutsch: unber\u00fchrt) im September in Bonns guter Stube, der Harmonie. Doch der Reihe nach\u2026<\/strong><br \/>\n<a href=\"https:\/\/www.europesays.com\/de\/wp-content\/uploads\/2025\/10\/P1480870.jpg\"><img loading=\"lazy\" decoding=\"async\" src=\"https:\/\/www.europesays.com\/de\/wp-content\/uploads\/2025\/10\/P1480870.jpg\" alt=\"Taming The Abyss, Bonn, Harmonie, (c) Bernd Zimmermann\" width=\"1615\" height=\"1080\" class=\"alignnone size-full wp-image-181744\"  \/><\/a><br \/>\nDie erste \u00dcberraschung war n\u00e4mlich, dass es eine Vorgruppe gab. Und welche. Taming The Abyss sind ein junges M\u00fcnchner Trio, das klassischen Hardrock am Start hat. Die drei sympathischen Buam &#8211; Georg Raig (voc, guit), Jan Szymanski (bss), Peter Schergel (drms) \u2013 gingen das Thema aber erfreulich unernst an. Was mit ihren schwer glaublichen Stage Outfits losging und bei den spa\u00dfigen Ansagen nicht aufh\u00f6rte. Die thematisierten u.a., wie sie am Morgen dieses Tages beim Fr\u00fchst\u00fcck im naturgem\u00e4\u00df auch vielen der Anwesenden positiv erinnerlichen <a href=\"https:\/\/duckduckgo.com\/?q=Caf%C3%A9+Sophie++endenich&amp;t=h_&amp;ia=web&amp;iaxm=maps&amp;source=places\" rel=\"\u201cnofollow\u201c noopener\" target=\"_blank\">Caf\u00e9 Sophie<\/a>\u2013 ganz wie die <a href=\"https:\/\/www.betreutesproggen.de\/tag\/harmonie\" rel=\"\u201cnofollow\u201c noopener\" target=\"_blank\">Harmonie<\/a> im lieblichen Endenich abgebildet \u2013 an vier Wei\u00dfbier und einer netten Kellnerin h\u00e4ngengeblieben waren. Und die freundliche Servicekraft prompt zum Konzert eingeladen hatten \u201eIst sie scho\u2018 da? Na, bislang ned\u2026\u201c (Sie erschien etwas sp\u00e4ter aber noch).<br \/>\n<a href=\"https:\/\/www.europesays.com\/de\/wp-content\/uploads\/2025\/10\/P1480836.jpg\"><img loading=\"lazy\" decoding=\"async\" src=\"https:\/\/www.europesays.com\/de\/wp-content\/uploads\/2025\/10\/P1480836.jpg\" alt=\"Tame The Abyss, Bonn, Harmonie, (c) Bernd Zimmermann\" width=\"1615\" height=\"1080\" class=\"alignnone size-full wp-image-181752\"  \/><\/a><br \/>\nMusik gab\u2019s auch &#8211; eine fr\u00f6hliche Bazi-Ausgabe von <a href=\"https:\/\/www.betreutesproggen.de\/tag\/dewolff\" rel=\"nofollow noopener\" target=\"_blank\">DeWolff<\/a>, die allgemein pr\u00e4chtig anzukommen schien. Was beispielsweise an der Audience Participation f\u00fcr <a href=\"https:\/\/www.youtube.com\/watch?v=hI24E16ikTw\" target=\"_blank\" rel=\"nofollow noopener\">\u201aThis Is The Love\u2018<\/a>  abzulesen war.<br \/>\n<a href=\"https:\/\/www.europesays.com\/de\/wp-content\/uploads\/2025\/10\/P1480839.jpg\"><img loading=\"lazy\" decoding=\"async\" src=\"https:\/\/www.europesays.com\/de\/wp-content\/uploads\/2025\/10\/P1480839.jpg\" alt=\"Tame The Abyss, Bonn, Harmonie, (c) Bernd Zimmermann\" width=\"1615\" height=\"1080\" class=\"alignnone size-full wp-image-181753\"  \/><\/a><br \/>\nUmbaupause. Ein Verdachts- bzw. Hoffnungsmoment war sofort aufgekeimt, als wir am Merch-Tisch <a href=\"https:\/\/www.betreutesproggen.de\/tag\/krissy-matthews\" target=\"_blank\" rel=\"nofollow noopener\">Krissy Matthew<\/a>s Tourmanagerin (und brillante Saxophonistin!) <a href=\"https:\/\/www.betreutesproggen.de\/2025\/04\/krissy-matthews-and-the-women-of-the-blues-08-04-25-bonn-harmonie\/\" rel=\"nofollow noopener\" target=\"_blank\">Stephanie &#8222;Steph&#8220; Doherty<\/a> ersp\u00e4hten. Vielleicht nicht sie selbst, aber doch Krissy &#8211; dem Vernehmen nach diesmal immerhin Tourmanager f\u00fcr Pristine &#8211; w\u00fcrde m\u00f6glicherweise im Laufe des Abends also noch mitmischen, dachten wir. Und so kam es auch!<br \/>\n<a href=\"https:\/\/www.europesays.com\/de\/wp-content\/uploads\/2025\/10\/P1480909.jpg\"><img loading=\"lazy\" decoding=\"async\" src=\"https:\/\/www.europesays.com\/de\/wp-content\/uploads\/2025\/10\/P1480909.jpg\" alt=\"Pristine, Bonn, Harmonie, (c) Bernd Zimmermann\" width=\"1438\" height=\"1080\" class=\"alignnone size-full wp-image-181755\"  \/><\/a><br \/>\n<a href=\"https:\/\/www.setlist.fm\/setlist\/pristine\/2025\/harmonie-bonn-germany-734ecaad.html\" title=\"Pristine Setlist Harmonie, Bonn, Germany 2025\" target=\"_blank\" rel=\"nofollow noopener\"><img decoding=\"async\" src=\"https:\/\/www.europesays.com\/de\/wp-content\/uploads\/2025\/10\/setlist-image-v1\" alt=\"Pristine Setlist Harmonie, Bonn, Germany 2025\" style=\"border: 0;\"\/><\/a><\/p>\n<p><a href=\"https:\/\/www.betreutesproggen.de\/wp-content\/uploads\/2025\/10\/P1490061.jpg\" rel=\"nofollow noopener\" target=\"_blank\"><img loading=\"lazy\" decoding=\"async\" src=\"https:\/\/www.betreutesproggen.de\/wp-content\/uploads\/2025\/10\/P1490061.jpg\" alt=\"Pristine, Bonn, Harmonie.&#10;(c) Bernd Zimmermann\" width=\"811\" height=\"1080\" class=\"alignnone size-full wp-image-181778\"  \/><\/a><br \/>Apropos Stage Outfits: das g\u00fcldne Beinkleid, mit dem Heidi Solheim, Frontfrau und Chefin von Pristine, nach einem sph\u00e4rischen Intro nun die Harmonie-B\u00fchne erklomm, muss erstmal jemand toppen. \u201aThe Devil You Know\u2018 machte die Spielfreude, ja Angriffslust der gesamten Combo \u00fcberdeutlich. Die phantastischen Orgel-Parts von Keyboarder Anders Oskal erfreuten hier das Progger-Herz.<br \/><a href=\"https:\/\/www.europesays.com\/de\/wp-content\/uploads\/2025\/10\/P1480938.jpg\"><img loading=\"lazy\" decoding=\"async\" src=\"https:\/\/www.europesays.com\/de\/wp-content\/uploads\/2025\/10\/P1480938.jpg\" alt=\"Pristine, Bonn, Harmonie, (c) Bernd Zimmermann\" width=\"1438\" height=\"1080\" class=\"alignnone size-full wp-image-181757\"  \/><\/a><br \/>Das etwas langsamer angegangene \u201aBehind The Line\u2018 hielt dennoch das Energielevel, u.a. mit einem knusprig verzerrten Bass-Solo seitens \u00c5smund Wilter Eriksson. Heidis Mannen sehen \u00fcbrigens auch alle so unglaublich authentisch norwegisch aus wie sie es fraglos auch sind. Und legten irgendwie im Laufe des Abends immer mehr Kleidung ab&#8230;<br \/><a href=\"https:\/\/www.europesays.com\/de\/wp-content\/uploads\/2025\/10\/P1480953.jpg\"><img loading=\"lazy\" decoding=\"async\" src=\"https:\/\/www.europesays.com\/de\/wp-content\/uploads\/2025\/10\/P1480953.jpg\" alt=\"Pristine, Bonn, Harmonie, (c) Bernd Zimmermann\" width=\"811\" height=\"1080\" class=\"alignnone size-full wp-image-181759\"  \/><\/a><br \/><a href=\"https:\/\/www.europesays.com\/de\/wp-content\/uploads\/2025\/10\/P1490173.jpg\"><img loading=\"lazy\" decoding=\"async\" src=\"https:\/\/www.europesays.com\/de\/wp-content\/uploads\/2025\/10\/P1490173.jpg\" alt=\"Pristine, Bonn, Harmonie, (c) Bernd Zimmermann\" width=\"1438\" height=\"1080\" class=\"alignnone size-full wp-image-181767\"  \/><\/a><br \/><a href=\"https:\/\/www.europesays.com\/de\/wp-content\/uploads\/2025\/10\/P1490332.jpg\"><img loading=\"lazy\" decoding=\"async\" src=\"https:\/\/www.europesays.com\/de\/wp-content\/uploads\/2025\/10\/P1490332.jpg\" alt=\"Pristine, Bonn, Harmonie, 09\/25, (c) Bernd Zimmermann\" width=\"1438\" height=\"1080\" class=\"alignnone size-full wp-image-181780\"  \/><\/a><br \/>Der stampfende, Mundharmonika-getriebene Roadhouse Blues \u201aDerek\u2018 ist immer ein Publikumsliebling, so auch an diesem Abend. \u201aRoad Back To Ruin\u2018 saugte uns mit ultrafetter Orgel an. Und auch \u201aGhost With A Gun\u2018 kam nicht ohne ein starkes Keyboardsolo aus, w\u00e4hrend Heidi ihre rote Matte peitschen und kreisen lie\u00df.<br \/><a href=\"https:\/\/www.europesays.com\/de\/wp-content\/uploads\/2025\/10\/P1480964.jpg\"><img loading=\"lazy\" decoding=\"async\" src=\"https:\/\/www.europesays.com\/de\/wp-content\/uploads\/2025\/10\/P1480964.jpg\" alt=\"Pristine, Bonn, Harmonie, (c) Bernd Zimmermann\" width=\"1438\" height=\"1080\" class=\"alignnone size-full wp-image-181761\"  \/><\/a><br \/>\u201aStepping Into The Breach\u2018 sprang nun mit fast so etwas wie Pop-Appeal in die Bresche.<br \/><a href=\"https:\/\/www.europesays.com\/de\/wp-content\/uploads\/2025\/10\/P1480996.jpg\"><img loading=\"lazy\" decoding=\"async\" src=\"https:\/\/www.europesays.com\/de\/wp-content\/uploads\/2025\/10\/P1480996.jpg\" alt=\"Pristine, Bonn, Harmonie, (c) Bernd Zimmermann\" width=\"1438\" height=\"1080\" class=\"alignnone size-full wp-image-181763\"  \/><\/a><br \/>Beide Teile der Ballade \u201aThe Loneliest Fortune\u2018 absolviert Heidi mit ihrer Gitarre (logen: eine <strong>rote<\/strong> Telecaster) und Keyboard im Wesentlichen allein.<br \/><a href=\"https:\/\/www.europesays.com\/de\/wp-content\/uploads\/2025\/10\/P1490096.jpg\"><img loading=\"lazy\" decoding=\"async\" src=\"https:\/\/www.europesays.com\/de\/wp-content\/uploads\/2025\/10\/P1490096.jpg\" alt=\"Pristine, Bonn, Harmonie, (c) Bernd Zimmermann\" width=\"1438\" height=\"1080\" class=\"alignnone size-full wp-image-181765\"  \/><\/a><br \/>Die Tour lief unter diesem Namen: \u201aThe Lines We Cross\u2018. Das Titelst\u00fcck des aktuellen Albums selbst hat bei Led Zeps <a href=\"https:\/\/www.youtube.com\/watch?v=PD-MdiUm1_Y\" target=\"_blank\" rel=\"nofollow noopener\">\u201aKashmir\u2018<\/a> gut hingeh\u00f6rt. Und es ist einfach sexy, wenn Heidis Stimme hierbei in den Overdrive geht. \u201aNo Regrets\u2018 also \u2013 bei einem Pristine-Konzert gibt\u2019s die eh nie. Stattdessen \u201aAll Of My Love\u2018. Und \u201aBluebird\u2018.<br \/><a href=\"https:\/\/www.europesays.com\/de\/wp-content\/uploads\/2025\/10\/P1490072.jpg\"><img loading=\"lazy\" decoding=\"async\" src=\"https:\/\/www.europesays.com\/de\/wp-content\/uploads\/2025\/10\/P1490072.jpg\" alt=\"Pristine, Bonn, Harmonie, (c) Bernd Zimmermann\" width=\"1438\" height=\"1080\" class=\"alignnone size-full wp-image-181766\"  \/><\/a><br \/>Und dann kam dieser ganz oben schon erw\u00e4hnte spezielle Effekt: \u201aDon\u2019t Save My Soul\u2018 ist eine gro\u00dfartige Bluesballade, auch in der Studioversion. Was Gitarrist Espen Elverum Jakobsen und First Lady Heidi an diesem Abend aber live daraus gemacht haben, d\u00fcrfte an Intensit\u00e4t schwer zu \u00fcberbieten sein. Auch nicht von Beth Hart oder Elin Larsson. Durch hyperdramatische Verlangsamung, (f\u00fcr das Genre) extreme Verzerrung, vor allem aber durch das aufeinander Reagieren, das sich gegenseitig immer, immer weiter Hochreizen. Und dabei geht es in dem St\u00fcck um Beziehungsprobleme&#8230; Der sch\u00f6nste Konzertmoment bislang in diesem Jahr f\u00fcr den Autoren.<br \/><a href=\"https:\/\/www.europesays.com\/de\/wp-content\/uploads\/2025\/10\/P1490234.jpg\"><img loading=\"lazy\" decoding=\"async\" src=\"https:\/\/www.europesays.com\/de\/wp-content\/uploads\/2025\/10\/P1490234.jpg\" alt=\"Pristine, Bonn, Harmonie, (c) Bernd Zimmermann\" width=\"1438\" height=\"1080\" class=\"alignnone size-full wp-image-181768\"  \/><\/a><br \/>Und selbst der gefeierte, begeisternde Gastauftritt von Bluesgitarren-As Krissy Matthews (f\u00fcr Fotograf Bernd, selbst ein starker Gitarrist, \u201eerheblich interessanter als Joe Bonamassa) bei \u201aSinnerman\u2018 &#8211; wo es zu rasanten Duellen mit Espen kam, konnte dieses Erlebnis einfach nicht mehr toppen.<br \/><a href=\"https:\/\/www.europesays.com\/de\/wp-content\/uploads\/2025\/10\/P1490528.jpg\"><img loading=\"lazy\" decoding=\"async\" src=\"https:\/\/www.europesays.com\/de\/wp-content\/uploads\/2025\/10\/P1490528.jpg\" alt=\"Pristine, Bonn, Harmonie, (c) Bernd Zimmermann\" width=\"1438\" height=\"1080\" class=\"alignnone size-full wp-image-181769\"  \/><\/a><br \/><a href=\"https:\/\/www.europesays.com\/de\/wp-content\/uploads\/2025\/10\/P1490548.jpg\"><img loading=\"lazy\" decoding=\"async\" src=\"https:\/\/www.europesays.com\/de\/wp-content\/uploads\/2025\/10\/P1490548.jpg\" alt=\"Pristine, Bonn, Harmonie, (c) Bernd Zimmermann\" width=\"1438\" height=\"1080\" class=\"alignnone size-full wp-image-181770\"  \/><\/a><br \/>Live-Fotos:  <a href=\"https:\/\/www.betreutesproggen.de\/tag\/bernd-zimmermann\" rel=\"nofollow noopener\" target=\"_blank\">Bernd Zimmermann<\/a> <br \/><a href=\"https:\/\/www.europesays.com\/de\/wp-content\/uploads\/2025\/10\/P1490680.jpg\"><img loading=\"lazy\" decoding=\"async\" src=\"https:\/\/www.europesays.com\/de\/wp-content\/uploads\/2025\/10\/P1490680.jpg\" alt=\"\" width=\"1438\" height=\"1080\" class=\"alignnone size-full wp-image-181771\"  \/><\/a><\/p>\n<p>Surftipps zu <a href=\"https:\/\/www.betreutesproggen.de\/tag\/pristine\" rel=\"\u201cnofollow\u201c noopener\" target=\"_blank\">Pristine<\/a>:<br \/>\u2022 <a href=\"https:\/\/www.pristine-music.com\" target=\"_blank\" class=\"broken_link\" rel=\"nofollow noopener\">Homepage<\/a><br \/>\u2022 <a href=\"https:\/\/www.youtube.com\/@Pristinenorway\" target=\"_blank\" rel=\"nofollow noopener\">YouTube<\/a><br \/>\u2022 <a href=\"https:\/\/www.facebook.com\/Pristinetheband\" target=\"_blank\" rel=\"nofollow noopener\">Facebook<\/a><br \/>\u2022 <a href=\"https:\/\/www.instagram.com\/pristinetheband\/\" target=\"_blank\" rel=\"nofollow noopener\">Instagram<\/a><br \/>\u2022 <a href=\"http:\/\/de.wikipedia.org\/wiki\/Pristine\" target=\"_blank\" rel=\"nofollow noopener\">Wikipedia<\/a><\/p>\n<p>Surftipps zu Tame The Abyss:<br \/>\u2022 <a href=\"https:\/\/www.tame-the-abyss.de\/\" target=\"_blank\" rel=\"nofollow noopener\">Homepage<\/a><br \/>\u2022 <a href=\"https:\/\/tametheabyss.bandcamp.com\/\" target=\"_blank\" rel=\"nofollow noopener\">Bandcamp<\/a><br \/>\u2022 <a href=\"https:\/\/www.backstagepro.de\/tame-the-abyss\" target=\"_blank\" rel=\"nofollow noopener\"> Backstage Pro<\/a><br \/>\u2022 <a href=\"https:\/\/www.youtube.com\/channel\/UChqTnUHbu2P2x99U1OCj1cQ\" target=\"_blank\" rel=\"nofollow noopener\">YouTube<\/a><br \/>\u2022 <a href=\"https:\/\/soundcloud.com\/tametheabyss\/\" target=\"_blank\" rel=\"nofollow noopener\">Soundcloud<\/a><br \/>\u2022 <a href=\"https:\/\/www.facebook.com\/tametheabyss \" target=\"_blank\" rel=\"nofollow noopener\">Facebook<\/a><br \/>\u2022 <a href=\"https:\/\/www.instagram.com\/tametheabyss\" target=\"_blank\" rel=\"nofollow noopener\">Instagram<\/a><\/p>\n<p><a href=\"https:\/\/www.europesays.com\/de\/wp-content\/uploads\/2025\/10\/P1490590-1.jpg\"><img loading=\"lazy\" decoding=\"async\" src=\"https:\/\/www.europesays.com\/de\/wp-content\/uploads\/2025\/10\/P1490590-1.jpg\" alt=\"Pristine, Bonn, Harmonie, (c) Bernd Zimmermann\" width=\"1438\" height=\"1080\" class=\"alignnone size-full wp-image-181772\"  \/><\/a><\/p>\n<p><a href=\"https:\/\/www.betreutesproggen.de\/2025\/10\/pristine-tame-the-abyss-21-09-25-bonn-harmonie\/?print=pdf\" class=\"pdfprnt-button pdfprnt-button-pdf\" target=\"_blank\" rel=\"nofollow noopener\"><img decoding=\"async\" src=\"https:\/\/www.europesays.com\/de\/wp-content\/uploads\/2025\/05\/pdf.png\" alt=\"image_pdf\" title=\"PDF Herunterladen\"\/>Artikel als PDF herunterladen<\/a><a href=\"https:\/\/www.betreutesproggen.de\/2025\/10\/pristine-tame-the-abyss-21-09-25-bonn-harmonie\/?print=print\" class=\"pdfprnt-button pdfprnt-button-print\" target=\"_blank\" rel=\"nofollow noopener\"><img decoding=\"async\" src=\"https:\/\/www.europesays.com\/de\/wp-content\/uploads\/2025\/05\/print.png\" alt=\"image_print\" title=\"Inhalt drucken\"\/>Artikel drucken<\/a><\/p>\n<p>\t<script async src=\"\/\/www.instagram.com\/embed.js\"><\/script><\/p>\n","protected":false},"excerpt":{"rendered":"Heidiwitzka! Klar, es kann auch wohlig vertraut und nett sein, wenn immer alles exakt beim Gleichen bleibt \u2013&hellip;\n","protected":false},"author":2,"featured_media":511947,"comment_status":"","ping_status":"","sticky":false,"template":"","format":"standard","meta":{"footnotes":""},"categories":[1842],"tags":[54409,127366,127386,37469,1741,3364,29,127367,127385,127368,30,29843,127369,127370,127371,127372,127373,1268,1209,913,127374,127375,127376,127377,127378,127379,127381,127380,127382,127383,127384],"class_list":{"0":"post-511946","1":"post","2":"type-post","3":"status-publish","4":"format-standard","5":"has-post-thumbnail","7":"category-bonn","8":"tag-endenich","9":"tag-anders-oskal","10":"tag-asmund-wilter-eriksson","11":"tag-bluesrock","12":"tag-bonn","13":"tag-de","14":"tag-deutschland","15":"tag-espen-elverum-jakobsen","16":"tag-female-fronted","17":"tag-georg-raig","18":"tag-germany","19":"tag-hardrock","20":"tag-harmonie","21":"tag-heidi-solheim","22":"tag-jan-szymanski","23":"tag-kim-karlsen","24":"tag-krissy-matthews","25":"tag-muenchen","26":"tag-nordrhein-westfalen","27":"tag-norwegen","28":"tag-peter-schergel","29":"tag-pristine","30":"tag-progressive-bluesrock","31":"tag-siebziger","32":"tag-sophies-cafe","33":"tag-steph-doherty","34":"tag-stephanie-doherty","35":"tag-stephanie-steph-doherty","36":"tag-tame-the-abyss","37":"tag-the-lines-we-cross","38":"tag-tromso"},"share_on_mastodon":{"url":"https:\/\/pubeurope.com\/@de\/115403403973284228","error":""},"_links":{"self":[{"href":"https:\/\/www.europesays.com\/de\/wp-json\/wp\/v2\/posts\/511946","targetHints":{"allow":["GET"]}}],"collection":[{"href":"https:\/\/www.europesays.com\/de\/wp-json\/wp\/v2\/posts"}],"about":[{"href":"https:\/\/www.europesays.com\/de\/wp-json\/wp\/v2\/types\/post"}],"author":[{"embeddable":true,"href":"https:\/\/www.europesays.com\/de\/wp-json\/wp\/v2\/users\/2"}],"replies":[{"embeddable":true,"href":"https:\/\/www.europesays.com\/de\/wp-json\/wp\/v2\/comments?post=511946"}],"version-history":[{"count":0,"href":"https:\/\/www.europesays.com\/de\/wp-json\/wp\/v2\/posts\/511946\/revisions"}],"wp:featuredmedia":[{"embeddable":true,"href":"https:\/\/www.europesays.com\/de\/wp-json\/wp\/v2\/media\/511947"}],"wp:attachment":[{"href":"https:\/\/www.europesays.com\/de\/wp-json\/wp\/v2\/media?parent=511946"}],"wp:term":[{"taxonomy":"category","embeddable":true,"href":"https:\/\/www.europesays.com\/de\/wp-json\/wp\/v2\/categories?post=511946"},{"taxonomy":"post_tag","embeddable":true,"href":"https:\/\/www.europesays.com\/de\/wp-json\/wp\/v2\/tags?post=511946"}],"curies":[{"name":"wp","href":"https:\/\/api.w.org\/{rel}","templated":true}]}}