{"id":511980,"date":"2025-10-19T23:43:12","date_gmt":"2025-10-19T23:43:12","guid":{"rendered":"https:\/\/www.europesays.com\/de\/511980\/"},"modified":"2025-10-19T23:43:12","modified_gmt":"2025-10-19T23:43:12","slug":"ditzingen-die-querschlaeger-die-lehrer","status":"publish","type":"post","link":"https:\/\/www.europesays.com\/de\/511980\/","title":{"rendered":"Ditzingen: DIE QUERSCHL\u00c4GER &#8211; Die Lehrer"},"content":{"rendered":"<p>\t\t\t\t\t\t\t\t\t\t\t\t\t\t\t\t\t\t\t\t\t\t\t\t\t\t\t\t      \t\t            \t\t             \t\t\t\t   \t\t\t\t\t   <img decoding=\"async\" id=\"article-image\" fetchpriority=\"high\" alt=\"Ditzingen: DIE QUERSCHL\u00c4GER - Die Lehrer\" onclick=\"var pA=document.createElement('a');pA.setAttribute('href','https:\/\/www.stuttgarter-nachrichten.de\/gallery.ditzingen-die-querschlaeger-die-lehrer.4780c43c-e979-496e-9aa7-0a9bd7a04497.html'),pA.click();\" title=\"Ditzingen: DIE QUERSCHL\u00c4GER - Die Lehrer\" src=\"https:\/\/www.europesays.com\/de\/wp-content\/uploads\/2025\/10\/media.media.faa79c31-e8ea-4502-a50e-525fd78f760c.16x9_700.jpg\" data-linkto=\"https:\/\/www.stuttgarter-nachrichten.de\/gallery.ditzingen-die-querschlaeger-die-lehrer.4780c43c-e979-496e-9aa7-0a9bd7a04497.html\"\/>\t\t\t\t\t\t\t\t\t\t\t\t\t\t\t\t\t\t\t\t\t\t\t\t\u00a0Foto: Die Lehrer\t\t\t<\/p>\n<p>Die Not ist gro\u00df. Dem Bildungssystem fehlt der Nachwuchs. Die beiden Kabarettisten Ulrich Munz und Martin Ruppenthal haben dazu ein paar Vorschl\u00e4ge &#8211; am Samstag, 08.11.2025 und 20 Uhr im ALTEN RATHAUS SCH\u00d6CKINGEN<\/p>\n<p>Beamtenstatus, sechs Wochen Sommerferien oder die Aussicht auf attraktive Sonderkonditionen beim Staatsweingut Meersburg gen\u00fcgen offenbar nicht mehr, um den potentiellen Lehrkr\u00e4ftezuwachs der Generation Z hinterm Ofen vorzulocken. Aber muss es gleich unkontrollierter Quereinstieg sein?<br \/>Dar\u00fcber muss man reden und Munz und Ruppenthal haben wie immer ein paar Querschl\u00e4ge \u2026 perdon: Vorschl\u00e4ge parat. Wie immer hochmusikalisch, ziemlich lustig und inzwischen erfahrungsges\u00e4ttigt, loten die beiden Altgedienten Tiefen und Untiefen des Berufsstands aus und setzen alles daran, neue Kr\u00e4fte f\u00fcr unsere Sch\u00fcler*innen zu gewinnen. Denn wir wissen ja: was Querschl\u00e4ger vor allem brauchen, ist eine stabile Richtung. Und da kann geholfen werden.<\/p>\n<p>Der Vorverkauf beginnt am MO, den 20.10.2025 \u00fcber unsere Kartenbestell-HOTLINE unter 07156.3071 971 oder online auf unserer Webseite www.akars.de<\/p>\n<p>Restkarten k\u00f6nnen ggf. noch an der Abendkasse erworben werden.<br \/>Sch\u00fcler\/Studenten mit Ausweis erhalten 50% R\u00fcckerstattung an der Abendkasse. Keine Platzreservierung. Einlass ab 19.30 Uhr.<\/p>\n<p>ALTES RATHAUS SCH\u00d6CKINGEN, Schlossstr. 14, 71254 Ditzingen-Sch\u00f6ckingen<\/p>\n<p>www.akars.de<\/p>\n<p>Bei uns daheim<\/p>\n<p class=\"infobox\">Die hier ver\u00f6ffentlichten Artikel wurden von Vereinen und Gemeinden, Schulen und Kinderg\u00e4rten, Kirchengemeinden und Initiativen verfasst. Die Artikel wurden von unserer Redaktion gepr\u00fcft und freigegeben. F\u00fcr die Richtigkeit aller Angaben \u00fcbernehmen wir keine Gew\u00e4hr.<\/p>\n","protected":false},"excerpt":{"rendered":"\u00a0Foto: Die Lehrer Die Not ist gro\u00df. Dem Bildungssystem fehlt der Nachwuchs. Die beiden Kabarettisten Ulrich Munz und&hellip;\n","protected":false},"author":2,"featured_media":511981,"comment_status":"","ping_status":"","sticky":false,"template":"","format":"standard","meta":{"footnotes":""},"categories":[1830],"tags":[1634,8994,23473,23474,8993,23475,3364,29,30,1441],"class_list":{"0":"post-511980","1":"post","2":"type-post","3":"status-publish","4":"format-standard","5":"has-post-thumbnail","7":"category-stuttgart","8":"tag-baden-wuerttemberg","9":"tag-bei-uns-daheim","10":"tag-bei-uns-daheim-arbeitskreis-altes-rathaus-schoeckingen","11":"tag-bei-uns-daheim-ditzingen","12":"tag-bei-uns-daheim-kreis-ludwigsburg","13":"tag-bei-uns-daheim-leonberg-strohgaeu","14":"tag-de","15":"tag-deutschland","16":"tag-germany","17":"tag-stuttgart"},"share_on_mastodon":{"url":"https:\/\/pubeurope.com\/@de\/115403490043209506","error":""},"_links":{"self":[{"href":"https:\/\/www.europesays.com\/de\/wp-json\/wp\/v2\/posts\/511980","targetHints":{"allow":["GET"]}}],"collection":[{"href":"https:\/\/www.europesays.com\/de\/wp-json\/wp\/v2\/posts"}],"about":[{"href":"https:\/\/www.europesays.com\/de\/wp-json\/wp\/v2\/types\/post"}],"author":[{"embeddable":true,"href":"https:\/\/www.europesays.com\/de\/wp-json\/wp\/v2\/users\/2"}],"replies":[{"embeddable":true,"href":"https:\/\/www.europesays.com\/de\/wp-json\/wp\/v2\/comments?post=511980"}],"version-history":[{"count":0,"href":"https:\/\/www.europesays.com\/de\/wp-json\/wp\/v2\/posts\/511980\/revisions"}],"wp:featuredmedia":[{"embeddable":true,"href":"https:\/\/www.europesays.com\/de\/wp-json\/wp\/v2\/media\/511981"}],"wp:attachment":[{"href":"https:\/\/www.europesays.com\/de\/wp-json\/wp\/v2\/media?parent=511980"}],"wp:term":[{"taxonomy":"category","embeddable":true,"href":"https:\/\/www.europesays.com\/de\/wp-json\/wp\/v2\/categories?post=511980"},{"taxonomy":"post_tag","embeddable":true,"href":"https:\/\/www.europesays.com\/de\/wp-json\/wp\/v2\/tags?post=511980"}],"curies":[{"name":"wp","href":"https:\/\/api.w.org\/{rel}","templated":true}]}}