{"id":512037,"date":"2025-10-20T00:16:12","date_gmt":"2025-10-20T00:16:12","guid":{"rendered":"https:\/\/www.europesays.com\/de\/512037\/"},"modified":"2025-10-20T00:16:12","modified_gmt":"2025-10-20T00:16:12","slug":"nach-klarer-fuehrung-niners-chemnitz-scheiden-im-pokal-aus","status":"publish","type":"post","link":"https:\/\/www.europesays.com\/de\/512037\/","title":{"rendered":"Nach klarer F\u00fchrung: Niners Chemnitz scheiden im Pokal aus"},"content":{"rendered":"<p class=\"text\">\nNach holprigem Beginn setzten sich die Chemnitzer im ersten Viertel mit einem 10:0-Lauf auf 19:9 (9. Minute) ab, konnten dieses Niveau aber nicht halten und gerieten in der 15. Minute mit 24:27 in R\u00fcckstand. Bis zur Pause fanden die Niners ihre Treffsicherheit aus der Distanz wieder und eroberten die F\u00fchrung zur\u00fcck. Mit einem 12:0-Lauf zum Start der zweiten Halbzeit zogen die G\u00e4ste auf 52:34 (23.) davon. Doch Vechta profitierte davon, dass die Intensit\u00e4t bei den Niners deutlich nachlie\u00df. Der \u00fcberragende Alonzo Verge Jr. (38 Punkte) war nicht mehr zu stoppen und brachte Rasta drei Minuten vor Schluss mit 78:75 in F\u00fchrung. Chemnitz hatte mit dem letzten Angriff noch die Chance auf die Verl\u00e4ngerung, doch der Drei-Punkte-Wurf von Ty Brewer kam einen Tick zu sp\u00e4t.<\/p>\n","protected":false},"excerpt":{"rendered":"Nach holprigem Beginn setzten sich die Chemnitzer im ersten Viertel mit einem 10:0-Lauf auf 19:9 (9. Minute) ab,&hellip;\n","protected":false},"author":2,"featured_media":512038,"comment_status":"","ping_status":"","sticky":false,"template":"","format":"standard","meta":{"footnotes":""},"categories":[1851],"tags":[2493,299,2770,127404,3364,29,548,663,3934,30,13,81,14,15,29634,22639,120538,859,12,3499,265,3498],"class_list":{"0":"post-512037","1":"post","2":"type-post","3":"status-publish","4":"format-standard","5":"has-post-thumbnail","7":"category-chemnitz","8":"tag-basketball","9":"tag-bundesliga","10":"tag-chemnitz","11":"tag-dbb-pokal","12":"tag-de","13":"tag-deutschland","14":"tag-eu","15":"tag-europa","16":"tag-europe","17":"tag-germany","18":"tag-headlines","19":"tag-mdr","20":"tag-nachrichten","21":"tag-news","22":"tag-niners","23":"tag-niners-chemnitz","24":"tag-rasta-vechta","25":"tag-sachsen","26":"tag-schlagzeilen","27":"tag-spio","28":"tag-sport","29":"tag-sport-im-osten"},"share_on_mastodon":{"url":"https:\/\/pubeurope.com\/@de\/115403619330102253","error":""},"_links":{"self":[{"href":"https:\/\/www.europesays.com\/de\/wp-json\/wp\/v2\/posts\/512037","targetHints":{"allow":["GET"]}}],"collection":[{"href":"https:\/\/www.europesays.com\/de\/wp-json\/wp\/v2\/posts"}],"about":[{"href":"https:\/\/www.europesays.com\/de\/wp-json\/wp\/v2\/types\/post"}],"author":[{"embeddable":true,"href":"https:\/\/www.europesays.com\/de\/wp-json\/wp\/v2\/users\/2"}],"replies":[{"embeddable":true,"href":"https:\/\/www.europesays.com\/de\/wp-json\/wp\/v2\/comments?post=512037"}],"version-history":[{"count":0,"href":"https:\/\/www.europesays.com\/de\/wp-json\/wp\/v2\/posts\/512037\/revisions"}],"wp:featuredmedia":[{"embeddable":true,"href":"https:\/\/www.europesays.com\/de\/wp-json\/wp\/v2\/media\/512038"}],"wp:attachment":[{"href":"https:\/\/www.europesays.com\/de\/wp-json\/wp\/v2\/media?parent=512037"}],"wp:term":[{"taxonomy":"category","embeddable":true,"href":"https:\/\/www.europesays.com\/de\/wp-json\/wp\/v2\/categories?post=512037"},{"taxonomy":"post_tag","embeddable":true,"href":"https:\/\/www.europesays.com\/de\/wp-json\/wp\/v2\/tags?post=512037"}],"curies":[{"name":"wp","href":"https:\/\/api.w.org\/{rel}","templated":true}]}}