{"id":512068,"date":"2025-10-20T00:41:41","date_gmt":"2025-10-20T00:41:41","guid":{"rendered":"https:\/\/www.europesays.com\/de\/512068\/"},"modified":"2025-10-20T00:41:41","modified_gmt":"2025-10-20T00:41:41","slug":"putin-nato-ukraine-das-versagen-deutscher-russlandpolitik","status":"publish","type":"post","link":"https:\/\/www.europesays.com\/de\/512068\/","title":{"rendered":"Putin, Nato, Ukraine: Das Versagen deutscher Russlandpolitik"},"content":{"rendered":"<p class=\"font-bold text-18 leading-17\"><strong class=\"font-bold\">Guten Morgen, liebe Leserin, lieber Leser,<\/strong><\/p>\n<p class=\"text-18 leading-17\"><strong class=\"font-bold\">seit dreieinhalb Jahren f\u00fchrt Russland seinen Angriffskrieg gegen die Ukraine.<\/strong> Mehr als eine Million Menschen sind get\u00f6tet oder verletzt worden, darunter Zigtausende ukrainische Zivilisten. Luftangriffe terrorisieren alln\u00e4chtlich die Bev\u00f6lkerung.<\/p>\n<p class=\"text-18 leading-17\"><strong class=\"font-bold\">Auch Deutschland und andere europ\u00e4ische Nato-L\u00e4nder werden attackiert:<\/strong> Russische Drohnen sp\u00e4hen H\u00e4fen, Flugh\u00e4fen und Milit\u00e4ranlagen aus, russische Kampfjets dringen in den Nato-Luftraum ein, russische Killerkommandos ver\u00fcben Anschl\u00e4ge, russische Agenten sabotieren Fabriken, Bahnanlagen und Stromleitungen, russische Cyberkrieger verbreiten L\u00fcgen und Hetze in den sozialen Medien, russische Aufwiegler unterst\u00fctzen rechte und linke Extremisten in ganz Europa.<\/p>\n<p class=\"text-18 leading-17\"><strong class=\"font-bold\">Kurzum:<\/strong> Der Kreml f\u00fchrt einen<strong class=\"font-bold\"> hybriden Krieg<\/strong> gegen die westlichen Demokratien. Und immer noch wirkt Deutschland angesichts der Bedrohung schwach, angreifbar, unentschlossen. Die Gr\u00fcnde, dass es so weit kommen konnte, liegen in erster Linie in Moskau \u2013 aber auch hierzulande. Jahrelang haben sich deutsche Politiker und Wirtschaftsleute von <strong class=\"font-bold\">Putin<\/strong> und dessen Helfershelfern einspannen lassen. Manche, wie der ehemalige Bundeskanzler <strong class=\"font-bold\">Gerhard Schr\u00f6der,<\/strong> verdienten pr\u00e4chtig dabei.<\/p>\n<p class=\"text-18 leading-17\"><strong class=\"font-bold\">Welches enorme Ausma\u00df die Verbindungen zwischen Putins Regime und deutschen Akteuren wirklich hatten, wird nach und nach aufgedeckt.<\/strong> Ein Buch, das diese Woche erschienen ist, liefert brisante neue Erkenntnisse: Die Investigativjournalisten <strong class=\"font-bold\">Katja Gloger<\/strong> und <strong class=\"font-bold\">Georg Mascolo<\/strong> beschreiben in <strong class=\"font-bold\"><a rel=\"nofollow noopener\" target=\"_blank\" class=\"transition-colors duration-200 cursor-pointer text-inherit no-underline text-salemsfur border-current border-b border-solid ml-[20px] before:ml-[-20px] before:mr-4 before:inline-block before:size-16 before:bg-contain before:bg-left before:bg-no-repeat before:align-middle before:bg-[url:var(--bg-image)] dark:before:bg-[url:var(--bg-image-dark)] hover:border-royalblue hover:text-royalblue before:hover:bg-[url:var(--bg-image-hover)] break-words\" style=\"--bg-image:url(\/s\/paper\/_next\/static\/media\/shopping-cart.b88e429b.svg);--bg-image-dark:url(\/s\/paper\/_next\/static\/media\/shopping-cart-dark-mode.64b56971.svg);--bg-image-hover:url(\/s\/paper\/_next\/static\/media\/shopping-cart-hover.b7103b4e.svg)\" href=\"https:\/\/siren.a.xafl.t-online.de\/?c=100950412&amp;w=116280&amp;p=45240&amp;sp=118586&amp;ct=7&amp;cat=5&amp;s=1&amp;t=2&amp;ce=textlink&amp;ed=10653&amp;url=https%3A%2F%2Fwww.amazon.de%2Fdp%2F3550204272%3Ftag%3Dtonlineacc-21%26linkCode%3Dogi%26th%3D1%26psc%3D1\" data-sctrack=\"BodyAnchor\">&#8222;Das Versagen. Eine investigative Geschichte der deutschen Russlandpolitik&#8220;<\/a><\/strong> anhand vertraulicher Dokumente, Protokolle und Zeitzeugenberichte die &#8222;deutsch-russische Verflechtungsgeschichte&#8220; von Putins Dresdner KGB-Jahren bis zur Zeitenwende am 24. Februar 2022. Das Buch ist nicht nur akribisch recherchiert, sondern auch anschaulich und spannend geschrieben; es liest sich wie ein Krimi.<\/p>\n<p class=\"text-18 leading-17\"><strong class=\"font-bold\">Deshalb freue ich mich, dass Georg Mascolo heute im Tagesanbruch-Podcast zu Gast ist.<\/strong> Mit ihm und <strong class=\"font-bold\">Jonas Mueller-T\u00f6we,<\/strong> leitender Investigativredakteur bei t-online, diskutiere ich \u00fcber die Verstrickungen deutscher Politiker in Putins Netzwerk und werfe Licht auf die Fehlentscheidungen der j\u00fcngsten Vergangenheit sowie deren heutige Folgen. Ich lade Sie herzlich ein, uns einige Minuten zuzuh\u00f6ren, und verspreche Ihnen: <a rel=\"nofollow noopener\" target=\"_blank\" class=\"transition-colors duration-200 cursor-pointer text-inherit no-underline text-salemsfur md:hover:text-magenta md:hover:border-magenta md:focus:text-magenta border-current border-b border-solid break-words\" href=\"https:\/\/tagesanbruch.podigee.io\/2348-russland\" data-sctrack=\"BodyAnchor\">Es lohnt sich.<\/a><\/p>\n<p class=\"text-18 leading-17\">Anschlie\u00dfend w\u00fcnsche ich Ihnen ein sch\u00f6nes Wochenende, angesichts der herbstlichen Temperaturen hoffentlich an einem warmen Pl\u00e4tzchen. F\u00fcr die vielen netten Zuschriften bedanke ich mich herzlich. In den kommenden Tagen versorgen meine Kolleginnen und Kollegen Sie mit dem Tagesanbruch.<\/p>\n","protected":false},"excerpt":{"rendered":"Guten Morgen, liebe Leserin, lieber Leser, seit dreieinhalb Jahren f\u00fchrt Russland seinen Angriffskrieg gegen die Ukraine. Mehr als&hellip;\n","protected":false},"author":2,"featured_media":512069,"comment_status":"","ping_status":"","sticky":false,"template":"","format":"standard","meta":{"footnotes":""},"categories":[4012],"tags":[28297,331,332,18983,29,1478,10403,127409,12843,13,127411,108219,308,14,15,12,127410,317],"class_list":{"0":"post-512068","1":"post","2":"type-post","3":"status-publish","4":"format-standard","5":"has-post-thumbnail","7":"category-ukraine","8":"tag-tagesanbruch-podcast","9":"tag-aktuelle-nachrichten","10":"tag-aktuelle-news","11":"tag-angriffskrieg","12":"tag-deutschland","13":"tag-drohne","14":"tag-florian-harms","15":"tag-georg-mascolo","16":"tag-gerhard-schroeder","17":"tag-headlines","18":"tag-katja-gloger","19":"tag-kgb","20":"tag-moskau","21":"tag-nachrichten","22":"tag-news","23":"tag-schlagzeilen","24":"tag-stasizeit","25":"tag-ukraine"},"share_on_mastodon":{"url":"https:\/\/pubeurope.com\/@de\/115403717528780081","error":""},"_links":{"self":[{"href":"https:\/\/www.europesays.com\/de\/wp-json\/wp\/v2\/posts\/512068","targetHints":{"allow":["GET"]}}],"collection":[{"href":"https:\/\/www.europesays.com\/de\/wp-json\/wp\/v2\/posts"}],"about":[{"href":"https:\/\/www.europesays.com\/de\/wp-json\/wp\/v2\/types\/post"}],"author":[{"embeddable":true,"href":"https:\/\/www.europesays.com\/de\/wp-json\/wp\/v2\/users\/2"}],"replies":[{"embeddable":true,"href":"https:\/\/www.europesays.com\/de\/wp-json\/wp\/v2\/comments?post=512068"}],"version-history":[{"count":0,"href":"https:\/\/www.europesays.com\/de\/wp-json\/wp\/v2\/posts\/512068\/revisions"}],"wp:featuredmedia":[{"embeddable":true,"href":"https:\/\/www.europesays.com\/de\/wp-json\/wp\/v2\/media\/512069"}],"wp:attachment":[{"href":"https:\/\/www.europesays.com\/de\/wp-json\/wp\/v2\/media?parent=512068"}],"wp:term":[{"taxonomy":"category","embeddable":true,"href":"https:\/\/www.europesays.com\/de\/wp-json\/wp\/v2\/categories?post=512068"},{"taxonomy":"post_tag","embeddable":true,"href":"https:\/\/www.europesays.com\/de\/wp-json\/wp\/v2\/tags?post=512068"}],"curies":[{"name":"wp","href":"https:\/\/api.w.org\/{rel}","templated":true}]}}