{"id":512307,"date":"2025-10-20T03:15:20","date_gmt":"2025-10-20T03:15:20","guid":{"rendered":"https:\/\/www.europesays.com\/de\/512307\/"},"modified":"2025-10-20T03:15:20","modified_gmt":"2025-10-20T03:15:20","slug":"jemen-huthi-miliz-dringt-auf-un-gelaende-in-sanaa-vor","status":"publish","type":"post","link":"https:\/\/www.europesays.com\/de\/512307\/","title":{"rendered":"Jemen: Huthi-Miliz dringt auf UN-Gel\u00e4nde in Sanaa vor"},"content":{"rendered":"<p class=\"paragraph article__item\">Im <a class=\"rtr-entity\" href=\"https:\/\/www.zeit.de\/thema\/jemen\" rel=\"nofollow noopener\" target=\"_blank\">Jemen<\/a> sind Mitglieder der Huthi-Miliz UN-Angaben zufolge auf das Gel\u00e4nde der Vereinten Nationen in der<br \/>\nHauptstadt Sanaa eingedrungen. Die dort untergebrachten 15 UN-Mitarbeiter seien aber in Sicherheit und h\u00e4tten Kontakt zu ihren Familien<br \/>\naufgenommen. Die UN ergriffen alle erforderlichen<br \/>\nMa\u00dfnahmen und st\u00fcnden in Kontakt mit den zust\u00e4ndigen Beh\u00f6rden, um die<br \/>\nSicherheit der Mitarbeiter und des Eigentums zu gew\u00e4hrleisten, hie\u00df es<br \/>\nin der Mitteilung, die von der dpa zitiert wird.\n<\/p>\n<p class=\"paragraph article__item\">Nach anderslautender Darstellung der Nachrichtenagentur AFP war die Lage in <a class=\"rtr-entity\" href=\"https:\/\/www.zeit.de\/thema\/sanaa\" rel=\"nofollow noopener\" target=\"_blank\">Sanaa<\/a> zun\u00e4chst unklar. Sie zitierte den UN-Sprecher Jean Alam mit den Worten: &#8222;F\u00fcnf einheimische und 15 internationale<br \/>\nMitarbeiter werden weiterhin auf dem Gel\u00e4nde festgehalten.&#8220; Am Vortag hatten Huthi-K\u00e4mpfer eine Razzia<br \/>\nauf dem UN-Gel\u00e4nde in der jemenitischen Hauptstadt vorgenommen; die Vereinten Nationen sprachen von einer &#8222;unautorisierten&#8220; Aktion.\n<\/p>\n<p class=\"paragraph article__item\">Huthi-K\u00e4mpfer hatten bereits Ende August <a href=\"https:\/\/www.zeit.de\/politik\/ausland\/2025-08\/jemen-huthi-miliz-festnahmen-un\" class=\"\" target=\"_blank\" rel=\"nofollow noopener\">in Sanaa<br \/>\n UN-B\u00fcros gest\u00fcrmt<\/a> und dabei mehr als zehn Menschen festgenommen. Ihnen<br \/>\nwerde &#8222;Spionage f\u00fcr die USA und Israel&#8220; vorgeworfen, erkl\u00e4rte ein<br \/>\nVertreter der Miliz.\n<\/p>\n<p class=\"paragraph article__item\">Die vom Iran unterst\u00fctzten Huthis k\u00e4mpfen gegen die international anerkannte Regierung im Jemen.<br \/>\n Sie kontrollieren bereits weite Teile des Landes und sind mit der proiranischen Hisbollah-Miliz im Libanon und der islamistischen Hamas<br \/>\nim Gazastreifen verb\u00fcndet.<\/p>\n","protected":false},"excerpt":{"rendered":"Im Jemen sind Mitglieder der Huthi-Miliz UN-Angaben zufolge auf das Gel\u00e4nde der Vereinten Nationen in der Hauptstadt Sanaa&hellip;\n","protected":false},"author":2,"featured_media":512308,"comment_status":"","ping_status":"","sticky":false,"template":"","format":"standard","meta":{"footnotes":"","_share_on_mastodon":"0"},"categories":[3],"tags":[13,21935,345,10544,14,15,16,20939,12,10,8,9,11,84154,12018,103,104],"class_list":["post-512307","post","type-post","status-publish","format-standard","has-post-thumbnail","category-welt","tag-headlines","tag-huthi","tag-iran","tag-jemen","tag-nachrichten","tag-news","tag-politik","tag-sanaa","tag-schlagzeilen","tag-top-news","tag-top-meldungen","tag-topmeldungen","tag-topnews","tag-uno","tag-vereinte-nationen","tag-welt","tag-world"],"share_on_mastodon":{"url":"https:\/\/pubeurope.com\/@de\/115404323161187090","error":""},"_links":{"self":[{"href":"https:\/\/www.europesays.com\/de\/wp-json\/wp\/v2\/posts\/512307","targetHints":{"allow":["GET"]}}],"collection":[{"href":"https:\/\/www.europesays.com\/de\/wp-json\/wp\/v2\/posts"}],"about":[{"href":"https:\/\/www.europesays.com\/de\/wp-json\/wp\/v2\/types\/post"}],"author":[{"embeddable":true,"href":"https:\/\/www.europesays.com\/de\/wp-json\/wp\/v2\/users\/2"}],"replies":[{"embeddable":true,"href":"https:\/\/www.europesays.com\/de\/wp-json\/wp\/v2\/comments?post=512307"}],"version-history":[{"count":0,"href":"https:\/\/www.europesays.com\/de\/wp-json\/wp\/v2\/posts\/512307\/revisions"}],"wp:featuredmedia":[{"embeddable":true,"href":"https:\/\/www.europesays.com\/de\/wp-json\/wp\/v2\/media\/512308"}],"wp:attachment":[{"href":"https:\/\/www.europesays.com\/de\/wp-json\/wp\/v2\/media?parent=512307"}],"wp:term":[{"taxonomy":"category","embeddable":true,"href":"https:\/\/www.europesays.com\/de\/wp-json\/wp\/v2\/categories?post=512307"},{"taxonomy":"post_tag","embeddable":true,"href":"https:\/\/www.europesays.com\/de\/wp-json\/wp\/v2\/tags?post=512307"}],"curies":[{"name":"wp","href":"https:\/\/api.w.org\/{rel}","templated":true}]}}