{"id":512316,"date":"2025-10-20T03:21:12","date_gmt":"2025-10-20T03:21:12","guid":{"rendered":"https:\/\/www.europesays.com\/de\/512316\/"},"modified":"2025-10-20T03:21:12","modified_gmt":"2025-10-20T03:21:12","slug":"limbacher-strasse-am-montag-in-einem-bereich-voll-gesperrt-wo-es-sonst-noch-eng-wird","status":"publish","type":"post","link":"https:\/\/www.europesays.com\/de\/512316\/","title":{"rendered":"Limbacher Stra\u00dfe am Montag in einem Bereich voll gesperrt \u2013 wo es sonst noch eng wird"},"content":{"rendered":"<p class=\"bold\">\n\t\t\t\t\t\t\t\t\t\tDie Limbacher Stra\u00dfe wird wegen eines Geb\u00e4udeneubaus ab Montag, 20. Oktober voll gesperrt. An der Zwickauer Stra\u00dfe Einm\u00fcndung Pornitzstra\u00dfe wird ab Mittwoch, 22. Oktober die Abwasserleitung repariert. Worauf sich Autofahrer sonst noch einstellen m\u00fcssen.\t\t\t\t<\/p>\n<p>\t\t\t\t 1. Adelsbergstra\u00dfe in H\u00f6he Hausnummer 298 bis Hausnummer 304 \/ Kirchwinkel halbseitige Stra\u00dfensperrung mit Ampelreglung bis 30. Oktober wegen Strom-Freileitungsabl\u00f6sung, Erneuerung der Stadtbeleuchtung 3. Bauabschnitt.<\/p>\n<p>\t\t<img decoding=\"async\" class=\"fp-plus-logo\" src=\"https:\/\/www.freiepresse.de\/img\/fpplus.svg\" alt=\"Freie Presse plus Logo\"\/><\/p>\n<p>Registrieren und testen.<\/p>\n<p>Jetzt mit Ihrer Registrierung 1 Monat gratis testen und alle Beitr\u00e4ge lesen.<\/p>\n<p>Schon Abonnent? Melden Sie sich mit ihren Zugangsdaten an.<\/p>\n","protected":false},"excerpt":{"rendered":"Die Limbacher Stra\u00dfe wird wegen eines Geb\u00e4udeneubaus ab Montag, 20. Oktober voll gesperrt. An der Zwickauer Stra\u00dfe Einm\u00fcndung&hellip;\n","protected":false},"author":2,"featured_media":512317,"comment_status":"","ping_status":"","sticky":false,"template":"","format":"standard","meta":{"footnotes":""},"categories":[1851],"tags":[2770,3364,29,548,663,3934,30,13,14,15,859,12,5582],"class_list":{"0":"post-512316","1":"post","2":"type-post","3":"status-publish","4":"format-standard","5":"has-post-thumbnail","7":"category-chemnitz","8":"tag-chemnitz","9":"tag-de","10":"tag-deutschland","11":"tag-eu","12":"tag-europa","13":"tag-europe","14":"tag-germany","15":"tag-headlines","16":"tag-nachrichten","17":"tag-news","18":"tag-sachsen","19":"tag-schlagzeilen","20":"tag-verkehr-infrastruktur-bauen"},"share_on_mastodon":{"url":"https:\/\/pubeurope.com\/@de\/115404346971676969","error":""},"_links":{"self":[{"href":"https:\/\/www.europesays.com\/de\/wp-json\/wp\/v2\/posts\/512316","targetHints":{"allow":["GET"]}}],"collection":[{"href":"https:\/\/www.europesays.com\/de\/wp-json\/wp\/v2\/posts"}],"about":[{"href":"https:\/\/www.europesays.com\/de\/wp-json\/wp\/v2\/types\/post"}],"author":[{"embeddable":true,"href":"https:\/\/www.europesays.com\/de\/wp-json\/wp\/v2\/users\/2"}],"replies":[{"embeddable":true,"href":"https:\/\/www.europesays.com\/de\/wp-json\/wp\/v2\/comments?post=512316"}],"version-history":[{"count":0,"href":"https:\/\/www.europesays.com\/de\/wp-json\/wp\/v2\/posts\/512316\/revisions"}],"wp:featuredmedia":[{"embeddable":true,"href":"https:\/\/www.europesays.com\/de\/wp-json\/wp\/v2\/media\/512317"}],"wp:attachment":[{"href":"https:\/\/www.europesays.com\/de\/wp-json\/wp\/v2\/media?parent=512316"}],"wp:term":[{"taxonomy":"category","embeddable":true,"href":"https:\/\/www.europesays.com\/de\/wp-json\/wp\/v2\/categories?post=512316"},{"taxonomy":"post_tag","embeddable":true,"href":"https:\/\/www.europesays.com\/de\/wp-json\/wp\/v2\/tags?post=512316"}],"curies":[{"name":"wp","href":"https:\/\/api.w.org\/{rel}","templated":true}]}}