{"id":512360,"date":"2025-10-20T03:50:12","date_gmt":"2025-10-20T03:50:12","guid":{"rendered":"https:\/\/www.europesays.com\/de\/512360\/"},"modified":"2025-10-20T03:50:12","modified_gmt":"2025-10-20T03:50:12","slug":"feloumena-will-miss-deutschland-werden","status":"publish","type":"post","link":"https:\/\/www.europesays.com\/de\/512360\/","title":{"rendered":"Feloumena will Miss Deutschland werden"},"content":{"rendered":"<p class=\"text_ohne_einzug richtext text-em-55 !leading-serif mx-6 desktop:mx-0\">Feloumena Nacken aus Geilenkirchen ist die strahlende Repr\u00e4sentantin der bev\u00f6lkerungsreichsten Region Nordrhein-Westfalens \u2013 Rhein-Ruhr \u2013 und steht kurz davor, die nationale Showb\u00fchne zu erobern. Die 19-j\u00e4hrige Sch\u00fclerin, die derzeit eine Ausbildung als Kosmetikerin absolviert, bereitet sich mit Charisma und Ausstrahlung auf den gro\u00dfen Showdown der Miss &amp; Mrs. Deutschland-Wahl vor. Am Montag, 5. Januar, verwandelt sich das HKK Hotel in Wernigerode in die B\u00fchne eines unvergesslichen Finales. Feloumena geht dabei nicht nur f\u00fcr eine Krone ins Rennen, sondern auch f\u00fcr eine Botschaft: Sch\u00f6nheit mit Bedeutung, St\u00e4rke mit Stil.<\/p>\n","protected":false},"excerpt":{"rendered":"Feloumena Nacken aus Geilenkirchen ist die strahlende Repr\u00e4sentantin der bev\u00f6lkerungsreichsten Region Nordrhein-Westfalens \u2013 Rhein-Ruhr \u2013 und steht kurz&hellip;\n","protected":false},"author":2,"featured_media":512361,"comment_status":"","ping_status":"","sticky":false,"template":"","format":"standard","meta":{"footnotes":""},"categories":[2],"tags":[331,3924,332,3922,22030,11696,127470,127473,3364,29,127469,2665,30,13,53356,127472,981,14,3923,127471,15,3921,12,11063,27391],"class_list":{"0":"post-512360","1":"post","2":"type-post","3":"status-publish","4":"format-standard","5":"has-post-thumbnail","7":"category-deutschland","8":"tag-aktuelle-nachrichten","9":"tag-aktuelle-nachrichten-aus-deutschland","10":"tag-aktuelle-news","11":"tag-aktuelle-news-aus-deutschland","12":"tag-ausstrahlung","13":"tag-botschaft","14":"tag-charisma","15":"tag-charismatische","16":"tag-de","17":"tag-deutschland","18":"tag-feloumena","19":"tag-finale","20":"tag-germany","21":"tag-headlines","22":"tag-miss","23":"tag-misswahlen","24":"tag-mutter","25":"tag-nachrichten","26":"tag-nachrichten-aus-deutschland","27":"tag-nacken","28":"tag-news","29":"tag-news-aus-deutschland","30":"tag-schlagzeilen","31":"tag-schoenheit","32":"tag-wernigerode"},"share_on_mastodon":{"url":"https:\/\/pubeurope.com\/@de\/115404460746827547","error":""},"_links":{"self":[{"href":"https:\/\/www.europesays.com\/de\/wp-json\/wp\/v2\/posts\/512360","targetHints":{"allow":["GET"]}}],"collection":[{"href":"https:\/\/www.europesays.com\/de\/wp-json\/wp\/v2\/posts"}],"about":[{"href":"https:\/\/www.europesays.com\/de\/wp-json\/wp\/v2\/types\/post"}],"author":[{"embeddable":true,"href":"https:\/\/www.europesays.com\/de\/wp-json\/wp\/v2\/users\/2"}],"replies":[{"embeddable":true,"href":"https:\/\/www.europesays.com\/de\/wp-json\/wp\/v2\/comments?post=512360"}],"version-history":[{"count":0,"href":"https:\/\/www.europesays.com\/de\/wp-json\/wp\/v2\/posts\/512360\/revisions"}],"wp:featuredmedia":[{"embeddable":true,"href":"https:\/\/www.europesays.com\/de\/wp-json\/wp\/v2\/media\/512361"}],"wp:attachment":[{"href":"https:\/\/www.europesays.com\/de\/wp-json\/wp\/v2\/media?parent=512360"}],"wp:term":[{"taxonomy":"category","embeddable":true,"href":"https:\/\/www.europesays.com\/de\/wp-json\/wp\/v2\/categories?post=512360"},{"taxonomy":"post_tag","embeddable":true,"href":"https:\/\/www.europesays.com\/de\/wp-json\/wp\/v2\/tags?post=512360"}],"curies":[{"name":"wp","href":"https:\/\/api.w.org\/{rel}","templated":true}]}}