{"id":512370,"date":"2025-10-20T03:57:12","date_gmt":"2025-10-20T03:57:12","guid":{"rendered":"https:\/\/www.europesays.com\/de\/512370\/"},"modified":"2025-10-20T03:57:12","modified_gmt":"2025-10-20T03:57:12","slug":"klose-prognose-nach-kiel-remis-noch-laenger-da-unten-drin","status":"publish","type":"post","link":"https:\/\/www.europesays.com\/de\/512370\/","title":{"rendered":"Klose-Prognose nach Kiel-Remis: \u201eNoch l\u00e4nger da unten drin\u201c"},"content":{"rendered":"<p>Der 1. FC N\u00fcrnberg kann sich auf kein baldiges Ende der Zeit im Tabellenkeller der 2. Fu\u00dfball-Bundesliga einstellen. Das zumindest bef\u00fcrchtet Trainer Miroslav Klose. \u201eDas wird schon l\u00e4nger noch so sein, dass wir da unten sind\u201c, prognostizierte der Coach der Franken nach dem 1:1 (1:0) gegen Holstein Kiel.<\/p>\n<p>Der \u201eClub\u201c verpasste den Sieg durch ein Gegentor in der Schlussphase und hat auf Tabellenplatz 15 damit weiter nur einen Z\u00e4hler Vorsprung auf den Abstiegs-Relegationsrang. Am Sonntag (13.30 Uhr\/Sky) gastieren die N\u00fcrnberger bei Kloses fr\u00fcherem Heimatverein als Spieler, dem 1. FC Kaiserslautern.<\/p>\n<p>Klose: \u201eNormaler\u201c Prozess in der Saison <\/p>\n<p>Durch einen verpatzten Ligastart mit nur einem Punkt aus f\u00fcnf Partien begann die Saison f\u00fcr den FCN in argen N\u00f6ten. Und aus diesen muss sich das Team nun m\u00fchsam befreien. Klose ist optimistisch, auch wenn die Punkteausbeute \u201enicht so gut\u201c ausfalle.\u00a0<\/p>\n<p>\u201eAber ich sehe auch, dass viele Sachen besser ineinander greifen. Wir m\u00fcssen noch ein paar Sachen trainieren, umstellen, anders machen. Das ist klar, aber das ist f\u00fcr mich ein Prozess, was normal ist in der Saison.\u201c Gut ein Viertel der Saison ist vorbei. \u201eWir m\u00fcssen jetzt schauen, dass wir in den anderen drei Vierteln die Punkte holen\u201c, forderte der Coach.<\/p>\n<p>Kapit\u00e4n Fabio Gruber sagte nach dem Unentschieden gegen Holstein Kiel: \u201eWir m\u00fcssen das Positive mitnehmen, dass wir defensiv gut gearbeitet haben.\u201c Erst in der 86. Minute lie\u00df sich die FCN-Abwehr dann doch \u00fcbert\u00f6lpeln, Kiels Verteidiger Carl Johansson k\u00f6pfte zum Ausgleich ein (86.).<\/p>\n<p>Hausaufgabe Chancenverwertung <\/p>\n<p>N\u00fcrnbergs Sommer-Neuzugang Mohamed Zoma hatte die Hausherren in F\u00fchrung gebracht (28.). Weil dann aber etliche Chancen vermasselt wurden, kam es am Ende noch zum D\u00e4mpfer. St\u00fcrmer Julian Justvan hat ein Problem erkannt: die Effektivit\u00e4t in der Offensive. \u201eEs w\u00e4re schon mal ganz angenehm, wenn man vielleicht fr\u00fcher den Deckel draufmachen k\u00f6nnte\u201c, sagte er. \u201eWir m\u00fcssen gucken, die Spiele fr\u00fcher zu entscheiden und uns zu belohnen.\u201c<\/p>\n<p>\u00a9 dpa-infocom, dpa:251020-930-182610\/1<\/p>\n","protected":false},"excerpt":{"rendered":"Der 1. FC N\u00fcrnberg kann sich auf kein baldiges Ende der Zeit im Tabellenkeller der 2. Fu\u00dfball-Bundesliga einstellen.&hellip;\n","protected":false},"author":2,"featured_media":512371,"comment_status":"","ping_status":"","sticky":false,"template":"","format":"standard","meta":{"footnotes":""},"categories":[1837],"tags":[783,772,3364,29,7488,347,30,3783,7489,265],"class_list":{"0":"post-512370","1":"post","2":"type-post","3":"status-publish","4":"format-standard","5":"has-post-thumbnail","7":"category-nuernberg","8":"tag-1-fc-nuernberg","9":"tag-bayern","10":"tag-de","11":"tag-deutschland","12":"tag-dpa","13":"tag-fussball","14":"tag-germany","15":"tag-nuernberg","16":"tag-region-bayern","17":"tag-sport"},"share_on_mastodon":{"url":"https:\/\/pubeurope.com\/@de\/115404488218486024","error":""},"_links":{"self":[{"href":"https:\/\/www.europesays.com\/de\/wp-json\/wp\/v2\/posts\/512370","targetHints":{"allow":["GET"]}}],"collection":[{"href":"https:\/\/www.europesays.com\/de\/wp-json\/wp\/v2\/posts"}],"about":[{"href":"https:\/\/www.europesays.com\/de\/wp-json\/wp\/v2\/types\/post"}],"author":[{"embeddable":true,"href":"https:\/\/www.europesays.com\/de\/wp-json\/wp\/v2\/users\/2"}],"replies":[{"embeddable":true,"href":"https:\/\/www.europesays.com\/de\/wp-json\/wp\/v2\/comments?post=512370"}],"version-history":[{"count":0,"href":"https:\/\/www.europesays.com\/de\/wp-json\/wp\/v2\/posts\/512370\/revisions"}],"wp:featuredmedia":[{"embeddable":true,"href":"https:\/\/www.europesays.com\/de\/wp-json\/wp\/v2\/media\/512371"}],"wp:attachment":[{"href":"https:\/\/www.europesays.com\/de\/wp-json\/wp\/v2\/media?parent=512370"}],"wp:term":[{"taxonomy":"category","embeddable":true,"href":"https:\/\/www.europesays.com\/de\/wp-json\/wp\/v2\/categories?post=512370"},{"taxonomy":"post_tag","embeddable":true,"href":"https:\/\/www.europesays.com\/de\/wp-json\/wp\/v2\/tags?post=512370"}],"curies":[{"name":"wp","href":"https:\/\/api.w.org\/{rel}","templated":true}]}}