{"id":512532,"date":"2025-10-20T05:41:12","date_gmt":"2025-10-20T05:41:12","guid":{"rendered":"https:\/\/www.europesays.com\/de\/512532\/"},"modified":"2025-10-20T05:41:12","modified_gmt":"2025-10-20T05:41:12","slug":"ausbau-des-rad-und-gehwegs-aufm-hennekamp-startet","status":"publish","type":"post","link":"https:\/\/www.europesays.com\/de\/512532\/","title":{"rendered":"Ausbau des Rad- und Gehwegs Auf\u2019m Hennekamp startet"},"content":{"rendered":"<p class=\"small date article__date\">Ver\u00f6ffentlicht:\u00a0Montag, 20.10.2025 07:05<\/p>\n<p>Radfahrer und Fu\u00dfg\u00e4nger k\u00f6nnen sich auf einen modernen und sicheren Weg entlang der Stra\u00dfe Auf\u2019m Hennekamp freuen. Ab heute (20. Oktober 2025) startet der n\u00e4chste Bauabschnitt zwischen der Mecumstra\u00dfe und der Brinckmannstra\u00dfe.<\/p>\n<p><img decoding=\"async\" alt=\"Der noch nicht modernisierte Radweg an der Stra\u00dfe Auf\u2019m Hennekamp.\" src=\"https:\/\/www.europesays.com\/de\/wp-content\/uploads\/2025\/10\/251014hennekamp2.jpg&#038;crop=0x250x4000x2500&#038;resize=1280x800&#038;dt=202510141027010.jpeg\" data-size=\"1280x800\"\/>\u00a9 Landeshauptstadt D\u00fcsseldorf\/Amt f\u00fcr VerkehrsmanagementBreiterer Radweg und \u00c4nderungen f\u00fcr Autofahrende<\/p>\n<p>Auf einer L\u00e4nge von rund 150 Metern wird der Rad- und Gehweg komplett erneuert und an die Standards des D\u00fcsseldorfer <a href=\"https:\/\/www.duesseldorf.de\/radverkehr\/radhauptnetz\" rel=\"noopener noreferrer\" target=\"_blank\">Radhauptnetzes<\/a> angepasst, meldet die Stadt. Der Radweg wird von bisher 1,40 Meter auf zwei Meter verbreitert und erh\u00e4lt eine rot eingef\u00e4rbte Asphaltdecke. Der neue Abschnitt beginnt westlich an der bereits umgebauten Auffahrt Mecumstra\u00dfe und endet \u00f6stlich an einem rot markierten \u00dcbergang f\u00fcr Radfahrer an der Brinckmannstra\u00dfe. Die Bauarbeiten sollen, wetterabh\u00e4ngig, bis Ende November abgeschlossen sein. Das \u00e4ndert sich f\u00fcr Autofahrende: Die Rechtsabbiegespur in die Brinckmannstra\u00dfe entf\u00e4llt, das Abbiegen erfolgt \u00fcber die Geradeausspur. Die <a href=\"https:\/\/www.duesseldorf.de\/\" rel=\"noopener noreferrer\" target=\"_blank\">Stadt<\/a> investiert rund 285.000 Euro in das Projekt.<\/p>\n<p>Weitere Infos und Links zum Thema:<\/p>\n<p><a href=\"https:\/\/www.duesseldorf.de\/medienportal\/pressedienst-einzelansicht\/pld\/aufm-hennekamp-ausbau-des-geh-und-radwegs-startet\" rel=\"noopener noreferrer\" target=\"_blank\">Die Meldung der Stadt<\/a><\/p>\n<p><a href=\"https:\/\/www.antenneduesseldorf.de\/artikel\/neue-mobilitaetsstation-am-s-bahnhof-wehrhahn-2461992.html\" rel=\"noopener noreferrer\" target=\"_blank\">Neue Mobilit\u00e4tsstation am S-Bahnhof Wehrhahn<\/a><\/p>\n<p><a href=\"https:\/\/www.visitduesseldorf.de\/informieren\/duesseldorf-mit-dem-rad\" rel=\"noopener noreferrer\" target=\"_blank\">Radfahren in D\u00fcsseldorf<\/a><\/p>\n<p>Folge uns f\u00fcr mehr News &amp; Updates:<\/p>\n<p><a href=\"https:\/\/www.antenneduesseldorf.de\/service\/radioplayer.html?radiochannel=live\" rel=\"noopener noreferrer\" target=\"_blank\">Livestream<\/a> | <a href=\"https:\/\/www.instagram.com\/antenne_duesseldorf\/?hl=de\" rel=\"noopener noreferrer\" target=\"_blank\">Instagram<\/a> | <a href=\"https:\/\/www.facebook.com\/antenneduesseldorf\/?locale=de_DE\" rel=\"noopener noreferrer\" target=\"_blank\">Facebook<\/a> | <a href=\"https:\/\/www.whatsapp.com\/channel\/0029VaVMRhHC6Zvi1qpXz42Y\" rel=\"noopener noreferrer\" target=\"_blank\">WhatsApp-Kanal<\/a><\/p>\n<p><script async src=\"\/\/www.instagram.com\/embed.js\"><\/script><\/p>\n","protected":false},"excerpt":{"rendered":"Ver\u00f6ffentlicht:\u00a0Montag, 20.10.2025 07:05 Radfahrer und Fu\u00dfg\u00e4nger k\u00f6nnen sich auf einen modernen und sicheren Weg entlang der Stra\u00dfe Auf\u2019m&hellip;\n","protected":false},"author":2,"featured_media":512533,"comment_status":"","ping_status":"","sticky":false,"template":"","format":"standard","meta":{"footnotes":""},"categories":[1831],"tags":[127506,127507,3364,29,3405,30,1209,20209],"class_list":{"0":"post-512532","1":"post","2":"type-post","3":"status-publish","4":"format-standard","5":"has-post-thumbnail","7":"category-duesseldorf","8":"tag-aufm-hennekamp","9":"tag-radwegeausbau","10":"tag-de","11":"tag-deutschland","12":"tag-duesseldorf","13":"tag-germany","14":"tag-nordrhein-westfalen","15":"tag-radwegenetz"},"share_on_mastodon":{"url":"https:\/\/pubeurope.com\/@de\/115404897367592788","error":""},"_links":{"self":[{"href":"https:\/\/www.europesays.com\/de\/wp-json\/wp\/v2\/posts\/512532","targetHints":{"allow":["GET"]}}],"collection":[{"href":"https:\/\/www.europesays.com\/de\/wp-json\/wp\/v2\/posts"}],"about":[{"href":"https:\/\/www.europesays.com\/de\/wp-json\/wp\/v2\/types\/post"}],"author":[{"embeddable":true,"href":"https:\/\/www.europesays.com\/de\/wp-json\/wp\/v2\/users\/2"}],"replies":[{"embeddable":true,"href":"https:\/\/www.europesays.com\/de\/wp-json\/wp\/v2\/comments?post=512532"}],"version-history":[{"count":0,"href":"https:\/\/www.europesays.com\/de\/wp-json\/wp\/v2\/posts\/512532\/revisions"}],"wp:featuredmedia":[{"embeddable":true,"href":"https:\/\/www.europesays.com\/de\/wp-json\/wp\/v2\/media\/512533"}],"wp:attachment":[{"href":"https:\/\/www.europesays.com\/de\/wp-json\/wp\/v2\/media?parent=512532"}],"wp:term":[{"taxonomy":"category","embeddable":true,"href":"https:\/\/www.europesays.com\/de\/wp-json\/wp\/v2\/categories?post=512532"},{"taxonomy":"post_tag","embeddable":true,"href":"https:\/\/www.europesays.com\/de\/wp-json\/wp\/v2\/tags?post=512532"}],"curies":[{"name":"wp","href":"https:\/\/api.w.org\/{rel}","templated":true}]}}