{"id":512616,"date":"2025-10-20T06:29:17","date_gmt":"2025-10-20T06:29:17","guid":{"rendered":"https:\/\/www.europesays.com\/de\/512616\/"},"modified":"2025-10-20T06:29:17","modified_gmt":"2025-10-20T06:29:17","slug":"seismische-messungen-bei-uns-abgeschlossen","status":"publish","type":"post","link":"https:\/\/www.europesays.com\/de\/512616\/","title":{"rendered":"Seismische Messungen bei uns abgeschlossen"},"content":{"rendered":"<p class=\"small date article__date\">Ver\u00f6ffentlicht:\u00a0Montag, 20.10.2025 07:11<\/p>\n<p>Die seismischen Messungen nach Erdw\u00e4rme zwischen Wuppertal und Paderborn sind erfolgreich abgeschlossen. Das hat der Geologische Dienst NRW mitgeteilt.\u00a0Insgesamt 185 Kilometer Messstrecke entlang des historischen Westf\u00e4lischen Hellweges haben die auff\u00e4lligen Vibro-Trucks in den letzten vier Wochen absolviert. Sie haben Kalksteinschichten in bis zu vier Kilometern Tiefe erkundet. Diese k\u00f6nne Wasser f\u00fchren und haben damit hohes Potential f\u00fcr W\u00e4rmegewinnung aus dem hei\u00dfen Wasser. Konvois mit jeweils drei Vibro-Trucks waren zwischen Wuppertal und Paderborn sowie zwischen Hagen und Recklinghausen unterwegs. Jetzt werden die Daten ausgewertet.<\/p>\n<p><img decoding=\"async\" alt=\"\" src=\"https:\/\/www.europesays.com\/de\/wp-content\/uploads\/2025\/10\/vibro-3.jpg&#038;crop=249x496x1270x793&#038;resize=1270x793&#038;dt=202509190941090.jpeg\" data-size=\"1270x793\"\/>\u00a9 Radio-Wuppertal-H\u00f6rerin Caro<\/p>\n","protected":false},"excerpt":{"rendered":"Ver\u00f6ffentlicht:\u00a0Montag, 20.10.2025 07:11 Die seismischen Messungen nach Erdw\u00e4rme zwischen Wuppertal und Paderborn sind erfolgreich abgeschlossen. Das hat der&hellip;\n","protected":false},"author":2,"featured_media":512617,"comment_status":"","ping_status":"","sticky":false,"template":"","format":"standard","meta":{"footnotes":""},"categories":[1840],"tags":[127517,3275,127518,127519,3364,29,30,3676,1209,4418],"class_list":{"0":"post-512616","1":"post","2":"type-post","3":"status-publish","4":"format-standard","5":"has-post-thumbnail","7":"category-wuppertal","8":"tag-erdwrme","9":"tag-lokalnachrichten","10":"tag-seismische-messungen","11":"tag-vibro-trucks","12":"tag-de","13":"tag-deutschland","14":"tag-germany","15":"tag-mediathek","16":"tag-nordrhein-westfalen","17":"tag-wuppertal"},"share_on_mastodon":{"url":"https:\/\/pubeurope.com\/@de\/115405086516467455","error":""},"_links":{"self":[{"href":"https:\/\/www.europesays.com\/de\/wp-json\/wp\/v2\/posts\/512616","targetHints":{"allow":["GET"]}}],"collection":[{"href":"https:\/\/www.europesays.com\/de\/wp-json\/wp\/v2\/posts"}],"about":[{"href":"https:\/\/www.europesays.com\/de\/wp-json\/wp\/v2\/types\/post"}],"author":[{"embeddable":true,"href":"https:\/\/www.europesays.com\/de\/wp-json\/wp\/v2\/users\/2"}],"replies":[{"embeddable":true,"href":"https:\/\/www.europesays.com\/de\/wp-json\/wp\/v2\/comments?post=512616"}],"version-history":[{"count":0,"href":"https:\/\/www.europesays.com\/de\/wp-json\/wp\/v2\/posts\/512616\/revisions"}],"wp:featuredmedia":[{"embeddable":true,"href":"https:\/\/www.europesays.com\/de\/wp-json\/wp\/v2\/media\/512617"}],"wp:attachment":[{"href":"https:\/\/www.europesays.com\/de\/wp-json\/wp\/v2\/media?parent=512616"}],"wp:term":[{"taxonomy":"category","embeddable":true,"href":"https:\/\/www.europesays.com\/de\/wp-json\/wp\/v2\/categories?post=512616"},{"taxonomy":"post_tag","embeddable":true,"href":"https:\/\/www.europesays.com\/de\/wp-json\/wp\/v2\/tags?post=512616"}],"curies":[{"name":"wp","href":"https:\/\/api.w.org\/{rel}","templated":true}]}}