{"id":513011,"date":"2025-10-20T10:19:12","date_gmt":"2025-10-20T10:19:12","guid":{"rendered":"https:\/\/www.europesays.com\/de\/513011\/"},"modified":"2025-10-20T10:19:12","modified_gmt":"2025-10-20T10:19:12","slug":"fall-fabian-neue-spur-fuehrt-ermittler-zu-bauernhof-news","status":"publish","type":"post","link":"https:\/\/www.europesays.com\/de\/513011\/","title":{"rendered":"Fall Fabian: Neue Spur f\u00fchrt Ermittler zu Bauernhof | News"},"content":{"rendered":"<p>Reimershagen \u2013 <b>Neue Spur im Fall des get\u00f6teten Fabian (\u20208)! Nach einem Zeugenhinweis durchsuchen Polizeibeamte derzeit einen Bauernhof in Reimershagen (Mecklenburg-Vorpommern) \u2013 rund zw\u00f6lf Kilometer von dem Ort entfernt, an dem die Leiche des Jungen gefunden wurde.<\/b><\/p>\n<p>Was genau die Ermittler auf dem abgelegenen Gel\u00e4nde suchen, ist bislang unklar. Das berichtet der Sender \u201eRTL\u201c. Die Staatsanwaltschaft kommentiert den Einsatz gegen\u00fcber BILD nicht. \u201eUm den Ermittlungserfolg nicht zu gef\u00e4hrden\u201c, hie\u00df es am Vormittag.<\/p>\n<p><img decoding=\"async\" width=\"992\" height=\"558\" alt=\"Am Montagmorgen ist die Polizei nach einem Zeugenhinweis mit einem Gro\u00dfaufgebot im Ort Reimershagen einger\u00fcckt\" src=\"https:\/\/www.europesays.com\/de\/wp-content\/uploads\/2025\/10\/01725216ab3452f40445375cfaa7721d,88070a34\"   class=\"landscape\" loading=\"lazy\"\/><\/p>\n<p class=\"fig__caption__text\">Am Montagmorgen ist die Polizei nach einem Zeugenhinweis mit einem Gro\u00dfaufgebot im Ort Reimershagen einger\u00fcckt <\/p>\n<p>Foto: SchwarckMedia<\/p>\n<p>Der grausame Fund<\/p>\n<p>Die Leiche des kleinen Fabian (\u20208) war am Dienstag vergangener Woche nahe Klein Upahl entdeckt worden \u2013 einem Ort s\u00fcdwestlich von G\u00fcstrow. Der Fund l\u00f6ste bundesweit Entsetzen aus. Seitdem ermittelt die <a href=\"https:\/\/www.bild.de\/regional\/aktuelles\/polizei\/polizeieinsatz-alle-infos-76681760.bild.html\" class=\"text-link\" target=\"_blank\" rel=\"noopener\">Polizei<\/a> mit Hochdruck in dem Fall. <\/p>\n<p>Mehr zum Thema<\/p>\n<p>Bereits kurz nach Fabians Verschwinden am 10. Oktober hatten Einsatzkr\u00e4fte in der Gemeinde Zehna \u2013 s\u00fcdlich von G\u00fcstrow \u2013 gesucht. Ein Sp\u00fcrhund hatte dort eine F\u00e4hrte aufgenommen, die sich jedoch in einem nahen Wald verlor. Fabians Vater lebt unweit des Suchgebiets. Ermittler gingen damals davon aus, dass der Achtj\u00e4hrige an dem Tag zu ihm unterwegs gewesen sein k\u00f6nnte.<\/p>\n<p><b>Die Obduktion ergab sp\u00e4ter: Fabian wurde Opfer eines <\/b><a href=\"https:\/\/www.bild.de\/news\/aktuelles\/verbrechen\/verbrechen-alle-infos-78141902.bild.html\" class=\"text-link\" target=\"_blank\" rel=\"noopener\"><b>Gewaltverbrechens<\/b><\/a><b>.<\/b><\/p>\n<p>Mehr gleich bei BILD.<\/p>\n","protected":false},"excerpt":{"rendered":"Reimershagen \u2013 Neue Spur im Fall des get\u00f6teten Fabian (\u20208)! Nach einem Zeugenhinweis durchsuchen Polizeibeamte derzeit einen Bauernhof&hellip;\n","protected":false},"author":2,"featured_media":513012,"comment_status":"","ping_status":"","sticky":false,"template":"","format":"standard","meta":{"footnotes":""},"categories":[5],"tags":[1737,1738,122,1736,84441,2213,13,88275,1351,2183,14,15,121,12,45,10,8,9,11,1995],"class_list":{"0":"post-513011","1":"post","2":"type-post","3":"status-publish","4":"format-standard","5":"has-post-thumbnail","7":"category-nachrichten","8":"tag-breaking-news","9":"tag-desk-delta","10":"tag-fahndungen","11":"tag-fb-instantarticles","12":"tag-guestrow","13":"tag-hausdurchsuchung","14":"tag-headlines","15":"tag-kindesmord","16":"tag-mecklenburg-vorpommern","17":"tag-mord","18":"tag-nachrichten","19":"tag-news","20":"tag-polizei","21":"tag-schlagzeilen","22":"tag-texttospeech","23":"tag-top-news","24":"tag-top-meldungen","25":"tag-topmeldungen","26":"tag-topnews","27":"tag-verbrechen"},"share_on_mastodon":{"url":"https:\/\/pubeurope.com\/@de\/115405990642733296","error":""},"_links":{"self":[{"href":"https:\/\/www.europesays.com\/de\/wp-json\/wp\/v2\/posts\/513011","targetHints":{"allow":["GET"]}}],"collection":[{"href":"https:\/\/www.europesays.com\/de\/wp-json\/wp\/v2\/posts"}],"about":[{"href":"https:\/\/www.europesays.com\/de\/wp-json\/wp\/v2\/types\/post"}],"author":[{"embeddable":true,"href":"https:\/\/www.europesays.com\/de\/wp-json\/wp\/v2\/users\/2"}],"replies":[{"embeddable":true,"href":"https:\/\/www.europesays.com\/de\/wp-json\/wp\/v2\/comments?post=513011"}],"version-history":[{"count":0,"href":"https:\/\/www.europesays.com\/de\/wp-json\/wp\/v2\/posts\/513011\/revisions"}],"wp:featuredmedia":[{"embeddable":true,"href":"https:\/\/www.europesays.com\/de\/wp-json\/wp\/v2\/media\/513012"}],"wp:attachment":[{"href":"https:\/\/www.europesays.com\/de\/wp-json\/wp\/v2\/media?parent=513011"}],"wp:term":[{"taxonomy":"category","embeddable":true,"href":"https:\/\/www.europesays.com\/de\/wp-json\/wp\/v2\/categories?post=513011"},{"taxonomy":"post_tag","embeddable":true,"href":"https:\/\/www.europesays.com\/de\/wp-json\/wp\/v2\/tags?post=513011"}],"curies":[{"name":"wp","href":"https:\/\/api.w.org\/{rel}","templated":true}]}}