{"id":513023,"date":"2025-10-20T10:25:10","date_gmt":"2025-10-20T10:25:10","guid":{"rendered":"https:\/\/www.europesays.com\/de\/513023\/"},"modified":"2025-10-20T10:25:10","modified_gmt":"2025-10-20T10:25:10","slug":"eine-zeitreise-in-die-eigene-jugend","status":"publish","type":"post","link":"https:\/\/www.europesays.com\/de\/513023\/","title":{"rendered":"Eine Zeitreise in die eigene Jugend"},"content":{"rendered":"<p class=\"text_ohne_einzug richtext text-em-55 !leading-serif mx-6 desktop:mx-0\"> Lord Roger alias Roger Sch\u00fcller l\u00e4sst seinen Blick durch den sp\u00e4rlich gef\u00fcllten Raum schweifen. Etwa 40 Besucher sind an diesem Abend ins Messajero gekommen, um The Lords live zu erleben. \u201eWir haben gerade beschlossen, dass das hier jetzt eine private Party ist\u201d, ruft der S\u00e4nger und Bassist ins Mikrofon. F\u00fcr die Fans der dienst\u00e4ltesten Rockband der Welt, die vor mehr als 65 Jahren in Berlin aus der Taufe gehoben wurde und damit in puncto Langlebigkeit sogar die <a href=\"https:\/\/rp-online.de\/thema\/rolling-stones\/\" target=\"_blank\" rel=\"noopener\">Rolling Stones<\/a> \u00fcbertrifft, ist das Konzert mehr als ein Auftritt.<\/p>\n","protected":false},"excerpt":{"rendered":"Lord Roger alias Roger Sch\u00fcller l\u00e4sst seinen Blick durch den sp\u00e4rlich gef\u00fcllten Raum schweifen. Etwa 40 Besucher sind&hellip;\n","protected":false},"author":2,"featured_media":513024,"comment_status":"","ping_status":"","sticky":false,"template":"","format":"standard","meta":{"footnotes":""},"categories":[1849],"tags":[12690,11498,36496,3364,29,548,663,3934,127628,30,13,4404,91291,127625,127626,4455,14,15,1209,26988,12,113519,127627,5853],"class_list":{"0":"post-513023","1":"post","2":"type-post","3":"status-publish","4":"format-standard","5":"has-post-thumbnail","7":"category-moenchengladbach","8":"tag-auftritt","9":"tag-beat","10":"tag-beatles","11":"tag-de","12":"tag-deutschland","13":"tag-eu","14":"tag-europa","15":"tag-europe","16":"tag-fernsehauftritte","17":"tag-germany","18":"tag-headlines","19":"tag-hosen","20":"tag-lord","21":"tag-lords","22":"tag-messajero","23":"tag-moenchengladbach","24":"tag-nachrichten","25":"tag-news","26":"tag-nordrhein-westfalen","27":"tag-roger","28":"tag-schlagzeilen","29":"tag-schueller","30":"tag-sera","31":"tag-songs"},"share_on_mastodon":{"url":"https:\/\/pubeurope.com\/@de\/115406014165032490","error":""},"_links":{"self":[{"href":"https:\/\/www.europesays.com\/de\/wp-json\/wp\/v2\/posts\/513023","targetHints":{"allow":["GET"]}}],"collection":[{"href":"https:\/\/www.europesays.com\/de\/wp-json\/wp\/v2\/posts"}],"about":[{"href":"https:\/\/www.europesays.com\/de\/wp-json\/wp\/v2\/types\/post"}],"author":[{"embeddable":true,"href":"https:\/\/www.europesays.com\/de\/wp-json\/wp\/v2\/users\/2"}],"replies":[{"embeddable":true,"href":"https:\/\/www.europesays.com\/de\/wp-json\/wp\/v2\/comments?post=513023"}],"version-history":[{"count":0,"href":"https:\/\/www.europesays.com\/de\/wp-json\/wp\/v2\/posts\/513023\/revisions"}],"wp:featuredmedia":[{"embeddable":true,"href":"https:\/\/www.europesays.com\/de\/wp-json\/wp\/v2\/media\/513024"}],"wp:attachment":[{"href":"https:\/\/www.europesays.com\/de\/wp-json\/wp\/v2\/media?parent=513023"}],"wp:term":[{"taxonomy":"category","embeddable":true,"href":"https:\/\/www.europesays.com\/de\/wp-json\/wp\/v2\/categories?post=513023"},{"taxonomy":"post_tag","embeddable":true,"href":"https:\/\/www.europesays.com\/de\/wp-json\/wp\/v2\/tags?post=513023"}],"curies":[{"name":"wp","href":"https:\/\/api.w.org\/{rel}","templated":true}]}}