{"id":513106,"date":"2025-10-20T11:12:12","date_gmt":"2025-10-20T11:12:12","guid":{"rendered":"https:\/\/www.europesays.com\/de\/513106\/"},"modified":"2025-10-20T11:12:12","modified_gmt":"2025-10-20T11:12:12","slug":"syrische-grossfamilie-in-stuttgart-geld-fuer-freiwillige-ausreise-richtig-aber-keine-dauerloesung-stuttgart","status":"publish","type":"post","link":"https:\/\/www.europesays.com\/de\/513106\/","title":{"rendered":"Syrische Gro\u00dffamilie in Stuttgart: Geld f\u00fcr freiwillige Ausreise: Richtig, aber keine Dauerl\u00f6sung &#8211; Stuttgart"},"content":{"rendered":"<p>Schwerverbrecher bekommen Geld, um das Land zu verlassen. Klingt verr\u00fcckt, ist aber nachvollziehbar, kommentiert Christian Gottschalk. Dabei bleiben darf es aber nicht.<\/p>\n<p>Es ist absehbar, dass diese Kritik kommen wird. Die syrische Gro\u00dffamilie, die <a href=\"https:\/\/www.esslinger-zeitung.de\/thema\/Stuttgart\" title=\"Stuttgart\" class=\"art_thema\" target=\"_blank\" rel=\"noopener\">Stuttgart<\/a> <a href=\"https:\/\/www.esslinger-zeitung.de\/inhalt.messerstecher-stuttgart-syrische-grossfamilie-urteil.f8d47e7e-6b40-470b-9327-6e3ab934656b.html\" target=\"_blank\" rel=\"noopener\">mit ihren Straftaten<\/a> immer wieder in Atem gehalten hat, <a href=\"https:\/\/www.esslinger-zeitung.de\/inhalt.grossfamilie-in-stuttgart-nach-mehr-als-160-straftaten-syrische-grossfamilie-reist-aus.47d38d59-570a-4366-9f76-707d1ee48372.html\" target=\"_blank\" rel=\"noopener\">ist weg<\/a>. Und quasi als Belohnung hat jeder der Schwerkriminellen vom Staat noch mehr als 1000 <a href=\"https:\/\/www.esslinger-zeitung.de\/thema\/Euro\" title=\"Euro\" class=\"art_thema\" target=\"_blank\" rel=\"noopener\">Euro<\/a> in die Hand gedr\u00fcckt bekommen. <\/p>\n","protected":false},"excerpt":{"rendered":"Schwerverbrecher bekommen Geld, um das Land zu verlassen. Klingt verr\u00fcckt, ist aber nachvollziehbar, kommentiert Christian Gottschalk. Dabei bleiben&hellip;\n","protected":false},"author":2,"featured_media":513107,"comment_status":"","ping_status":"","sticky":false,"template":"","format":"standard","meta":{"footnotes":""},"categories":[1830],"tags":[414,1634,3364,29,4788,127648,666,30,52422,4693,1441,3293,127649,92814],"class_list":{"0":"post-513106","1":"post","2":"type-post","3":"status-publish","4":"format-standard","5":"has-post-thumbnail","7":"category-stuttgart","8":"tag-abschiebung","9":"tag-baden-wuerttemberg","10":"tag-de","11":"tag-deutschland","12":"tag-euro","13":"tag-freiwillige-ausreise","14":"tag-geld","15":"tag-germany","16":"tag-grossfamilie","17":"tag-kommentar","18":"tag-stuttgart","19":"tag-syrer","20":"tag-syrische-grossfamilie","21":"tag-topt"},"share_on_mastodon":{"url":"https:\/\/pubeurope.com\/@de\/115406198795908305","error":""},"_links":{"self":[{"href":"https:\/\/www.europesays.com\/de\/wp-json\/wp\/v2\/posts\/513106","targetHints":{"allow":["GET"]}}],"collection":[{"href":"https:\/\/www.europesays.com\/de\/wp-json\/wp\/v2\/posts"}],"about":[{"href":"https:\/\/www.europesays.com\/de\/wp-json\/wp\/v2\/types\/post"}],"author":[{"embeddable":true,"href":"https:\/\/www.europesays.com\/de\/wp-json\/wp\/v2\/users\/2"}],"replies":[{"embeddable":true,"href":"https:\/\/www.europesays.com\/de\/wp-json\/wp\/v2\/comments?post=513106"}],"version-history":[{"count":0,"href":"https:\/\/www.europesays.com\/de\/wp-json\/wp\/v2\/posts\/513106\/revisions"}],"wp:featuredmedia":[{"embeddable":true,"href":"https:\/\/www.europesays.com\/de\/wp-json\/wp\/v2\/media\/513107"}],"wp:attachment":[{"href":"https:\/\/www.europesays.com\/de\/wp-json\/wp\/v2\/media?parent=513106"}],"wp:term":[{"taxonomy":"category","embeddable":true,"href":"https:\/\/www.europesays.com\/de\/wp-json\/wp\/v2\/categories?post=513106"},{"taxonomy":"post_tag","embeddable":true,"href":"https:\/\/www.europesays.com\/de\/wp-json\/wp\/v2\/tags?post=513106"}],"curies":[{"name":"wp","href":"https:\/\/api.w.org\/{rel}","templated":true}]}}