{"id":513139,"date":"2025-10-20T11:30:15","date_gmt":"2025-10-20T11:30:15","guid":{"rendered":"https:\/\/www.europesays.com\/de\/513139\/"},"modified":"2025-10-20T11:30:15","modified_gmt":"2025-10-20T11:30:15","slug":"collien-fernandes-begeht-todsuende-bei-das-traumschiff-dreharbeiten","status":"publish","type":"post","link":"https:\/\/www.europesays.com\/de\/513139\/","title":{"rendered":"Collien Fernandes begeht &#8222;Tods\u00fcnde&#8220; bei &#8222;Das Traumschiff&#8220;-Dreharbeiten"},"content":{"rendered":"<p>                                                                        Collien Fernandes: &#8222;Drei Tage vorher getr\u00e4umt&#8220; \u2013 Albtraum wird wahr<\/p>\n<p>Collien fischt in einer Szene einen Stein aus einem Bach \u2013 eine Handlung, die in Island, wie sie selbst sagt, als &#8222;Tods\u00fcnde&#8220; gilt. Kurz darauf geschieht das Unglaubliche: &#8222;In der Mittagspause gehe ich in meinen Trailer, da f\u00e4llt mir auf einmal der vordere Schneidezahn aus&#8220;, berichtet die Schauspielerin. Noch unheimlicher wird die Geschichte durch den Fakt, dass sie diesen Verlust &#8222;genau drei Tage vorher getr\u00e4umt&#8220; hatte und dies &#8222;allen am Set erz\u00e4hlt&#8220; hatte. F\u00fcr Collien Fernandes ist dieser Vorfall mehr als nur ein Zufall. Sie nahm die Br\u00e4uche danach ernst: &#8222;Ich habe dann versucht, alles zu umgehen, was die Elfen sauer machen k\u00f6nnte, bevor sie mir noch einen Zahn ausschlagen.&#8220;<\/p>\n<p><a href=\"https:\/\/www.tvspielfilm.de\/news\/stars\/collien-fernandes-nach-ehe-aus-wagt-sie-sich-auf-den-dating-markt,13175171,ApplicationArticle.html\" rel=\"nofollow noopener\" target=\"_blank\">Collien Fernandes: Nach Ehe-Aus wagt sie sich auf den Dating-Markt<\/a>.<\/p>\n","protected":false},"excerpt":{"rendered":"Collien Fernandes: &#8222;Drei Tage vorher getr\u00e4umt&#8220; \u2013 Albtraum wird wahr Collien fischt in einer Szene einen Stein aus&hellip;\n","protected":false},"author":2,"featured_media":513140,"comment_status":"","ping_status":"","sticky":false,"template":"","format":"standard","meta":{"footnotes":""},"categories":[1773],"tags":[107876,29,214,30,473,471,1780,23410,20707,215],"class_list":{"0":"post-513139","1":"post","2":"type-post","3":"status-publish","4":"format-standard","5":"has-post-thumbnail","7":"category-serien","8":"tag-collien-fernandes","9":"tag-deutschland","10":"tag-entertainment","11":"tag-germany","12":"tag-schauspielerin","13":"tag-serien","14":"tag-series","15":"tag-traumschiff","16":"tag-tv-star","17":"tag-unterhaltung"},"share_on_mastodon":{"url":"https:\/\/pubeurope.com\/@de\/115406269737307559","error":""},"_links":{"self":[{"href":"https:\/\/www.europesays.com\/de\/wp-json\/wp\/v2\/posts\/513139","targetHints":{"allow":["GET"]}}],"collection":[{"href":"https:\/\/www.europesays.com\/de\/wp-json\/wp\/v2\/posts"}],"about":[{"href":"https:\/\/www.europesays.com\/de\/wp-json\/wp\/v2\/types\/post"}],"author":[{"embeddable":true,"href":"https:\/\/www.europesays.com\/de\/wp-json\/wp\/v2\/users\/2"}],"replies":[{"embeddable":true,"href":"https:\/\/www.europesays.com\/de\/wp-json\/wp\/v2\/comments?post=513139"}],"version-history":[{"count":0,"href":"https:\/\/www.europesays.com\/de\/wp-json\/wp\/v2\/posts\/513139\/revisions"}],"wp:featuredmedia":[{"embeddable":true,"href":"https:\/\/www.europesays.com\/de\/wp-json\/wp\/v2\/media\/513140"}],"wp:attachment":[{"href":"https:\/\/www.europesays.com\/de\/wp-json\/wp\/v2\/media?parent=513139"}],"wp:term":[{"taxonomy":"category","embeddable":true,"href":"https:\/\/www.europesays.com\/de\/wp-json\/wp\/v2\/categories?post=513139"},{"taxonomy":"post_tag","embeddable":true,"href":"https:\/\/www.europesays.com\/de\/wp-json\/wp\/v2\/tags?post=513139"}],"curies":[{"name":"wp","href":"https:\/\/api.w.org\/{rel}","templated":true}]}}