{"id":513195,"date":"2025-10-20T12:00:12","date_gmt":"2025-10-20T12:00:12","guid":{"rendered":"https:\/\/www.europesays.com\/de\/513195\/"},"modified":"2025-10-20T12:00:12","modified_gmt":"2025-10-20T12:00:12","slug":"gelsenkirchen-lkw-fahrer-faehrt-gegen-supermarkttor","status":"publish","type":"post","link":"https:\/\/www.europesays.com\/de\/513195\/","title":{"rendered":"Gelsenkirchen: LKW-Fahrer f\u00e4hrt gegen Supermarkttor"},"content":{"rendered":"<ul>\n<li><strong>LKW kracht gegen Tor eines Supermarktes<\/strong><\/li>\n<li><strong>19-J\u00e4hriger wird leicht verletzt<\/strong><\/li>\n<\/ul>\n<p>Wegen gleich mehrerer Vergehen muss sich ein 50-j\u00e4hriger LKW-Fahrer aus Gelsenkirchen verantworten. Am Freitagabend gegen 22.40 Uhr fuhr er laut Polizei aus ungekl\u00e4rter Ursache r\u00fcckw\u00e4rts gegen das geschlossene Tor eines Supermarktes am Meraner Weg. Durch den Aufprall sprang das Tor auf \u2013 dabei wurde ein 19-J\u00e4hriger leicht verletzt und ein Auto besch\u00e4digt. Der LKW-Fahrer fl\u00fcchtete. Zeugen fotografierten das Fahrzeug und das Kennzeichen. Die Polizei fand den Lastwagen wenig sp\u00e4ter auf der Gewerkenstra\u00dfe. Den Fahrer stellten die Beamten an der Ecke Herdstra\u00dfe\/Tendernstra\u00dfe. Ein Alkoholtest war positiv. Au\u00dferdem hat der Mann keinen g\u00fcltigen F\u00fchrerschein. Den 50-J\u00e4hrigen erwarten nun mehrere Strafverfahren.<\/p>\n<p><a href=\"https:\/\/www.radioemscherlippe.de\/information\/polizeimeldungen.html\" rel=\"noopener noreferrer nofollow\" target=\"_blank\">Hier gibt mehr Polizeimeldungen aus Gladbeck, Bottrop und Gelsenkirchen.<\/a><\/p>\n","protected":false},"excerpt":{"rendered":"LKW kracht gegen Tor eines Supermarktes 19-J\u00e4hriger wird leicht verletzt Wegen gleich mehrerer Vergehen muss sich ein 50-j\u00e4hriger&hellip;\n","protected":false},"author":2,"featured_media":151509,"comment_status":"","ping_status":"","sticky":false,"template":"","format":"standard","meta":{"footnotes":""},"categories":[1839],"tags":[7507,3364,29,30,1209,18270],"class_list":{"0":"post-513195","1":"post","2":"type-post","3":"status-publish","4":"format-standard","5":"has-post-thumbnail","7":"category-bochum","8":"tag-bochum","9":"tag-de","10":"tag-deutschland","11":"tag-germany","12":"tag-nordrhein-westfalen","13":"tag-unfallflucht"},"share_on_mastodon":{"url":"https:\/\/pubeurope.com\/@de\/115406387590200037","error":""},"_links":{"self":[{"href":"https:\/\/www.europesays.com\/de\/wp-json\/wp\/v2\/posts\/513195","targetHints":{"allow":["GET"]}}],"collection":[{"href":"https:\/\/www.europesays.com\/de\/wp-json\/wp\/v2\/posts"}],"about":[{"href":"https:\/\/www.europesays.com\/de\/wp-json\/wp\/v2\/types\/post"}],"author":[{"embeddable":true,"href":"https:\/\/www.europesays.com\/de\/wp-json\/wp\/v2\/users\/2"}],"replies":[{"embeddable":true,"href":"https:\/\/www.europesays.com\/de\/wp-json\/wp\/v2\/comments?post=513195"}],"version-history":[{"count":0,"href":"https:\/\/www.europesays.com\/de\/wp-json\/wp\/v2\/posts\/513195\/revisions"}],"wp:featuredmedia":[{"embeddable":true,"href":"https:\/\/www.europesays.com\/de\/wp-json\/wp\/v2\/media\/151509"}],"wp:attachment":[{"href":"https:\/\/www.europesays.com\/de\/wp-json\/wp\/v2\/media?parent=513195"}],"wp:term":[{"taxonomy":"category","embeddable":true,"href":"https:\/\/www.europesays.com\/de\/wp-json\/wp\/v2\/categories?post=513195"},{"taxonomy":"post_tag","embeddable":true,"href":"https:\/\/www.europesays.com\/de\/wp-json\/wp\/v2\/tags?post=513195"}],"curies":[{"name":"wp","href":"https:\/\/api.w.org\/{rel}","templated":true}]}}