{"id":513372,"date":"2025-10-20T13:39:26","date_gmt":"2025-10-20T13:39:26","guid":{"rendered":"https:\/\/www.europesays.com\/de\/513372\/"},"modified":"2025-10-20T13:39:26","modified_gmt":"2025-10-20T13:39:26","slug":"urteil-fuer-mord-an-obdachlosem-in-der-eilenriede-rechtskraeftig","status":"publish","type":"post","link":"https:\/\/www.europesays.com\/de\/513372\/","title":{"rendered":"Urteil f\u00fcr Mord an Obdachlosem in der Eilenriede rechtskr\u00e4ftig"},"content":{"rendered":"<p>Stiche in den Hals <\/p>\n<p>Urteil f\u00fcr Mord an Obdachlosem in der Eilenriede ist rechtskr\u00e4ftig<\/p>\n<p>20.10.2025 &#8211; 15:21 UhrLesedauer: 1 Min.<\/p>\n<p><a href=\"#focus-0\" class=\"transition-colors duration-200 block text-current relative\" data-sctrack=\"FocusGalleryImage.Reference\"><img fetchpriority=\"high\" data-testid=\"Opener.Image\" style=\"--lqipURL:url('https:\/\/images.t-online.de\/2025\/09\/7sB7xzndemu0\/0x417:4000x2250\/fit-in\/150x0\/filters:blur(25)\/stadtwald-eilenriede-in-hannover-es-handelt-sich-um-europas-groessten-innerstaedtischen-wald.jpg')\"   loading=\"eager\" src=\"https:\/\/www.europesays.com\/de\/wp-content\/uploads\/2025\/10\/stadtwald-eilenriede-in-hannover-es-handelt-sich-um-europas-groessten-innerstaedtischen-wald.jpg\" alt=\"Stadtwald Eilenriede in Hannover: Es handelt sich um Europas gr\u00f6\u00dften innerst\u00e4dtischen Wald.\" title=\"Stadtwald Eilenriede in Hannover: Es handelt sich um Europas gr\u00f6\u00dften innerst\u00e4dtischen Wald.\" width=\"4000\" height=\"2250\" class=\"bg-[url:var(--lqipURL)] bg-cover bg-center flex h-full w-full max-w-full\" decoding=\"async\"\/><img style=\"--width:32;--height:32\" loading=\"lazy\" src=\"https:\/\/www.t-online.de\/s\/paper\/_next\/static\/media\/zoom-in.f7dae02f.svg\" alt=\"Vergr\u00f6\u00dfern des Bildes\" title=\"Vergr\u00f6\u00dfern des Bildes\" class=\"block h-[calc(var(--height)_\/_16_*_1rem)] w-[calc(var(--width)_\/_16_*_1rem)] max-w-none absolute bottom-8 right-8 rounded-4 bg-snow p-8\" decoding=\"async\"\/><\/a><\/p>\n<p>Eilenriede in Hannover: 2021 wurde in dem Stadtwald ein Obdachloser get\u00f6tet. (Quelle: IMAGO\/Henning Scheffen)<\/p>\n<p class=\"font-bold text-18 leading-17\">Der Bundesgerichtshof best\u00e4tigt das Urteil gegen einen 53-j\u00e4hrigen T\u00e4ter. Der Mann hatte sein Opfer 2021 im Stadtwald Eilenriede erstochen.<\/p>\n<p class=\"text-18 leading-17\">Der <a class=\"transition-colors duration-200 cursor-pointer text-inherit no-underline text-salemsfur md:hover:text-magenta md:hover:border-magenta md:focus:text-magenta border-current border-b border-solid break-words\" href=\"https:\/\/www.t-online.de\/themen\/bgh\/\" data-sctrack=\"BodyAnchor\" target=\"_blank\" rel=\"noopener\">Bundesgerichtshof<\/a> (BGH) hat das Urteil gegen einen 53-J\u00e4hrigen wegen Mordes an einem Obdachlosen in <a class=\"transition-colors duration-200 cursor-pointer text-inherit no-underline text-salemsfur md:hover:text-magenta md:hover:border-magenta md:focus:text-magenta border-current border-b border-solid break-words\" href=\"https:\/\/www.t-online.de\/region\/hannover\/\" data-sctrack=\"BodyAnchor\" target=\"_blank\" rel=\"noopener\">Hannover<\/a> best\u00e4tigt. Die lebenslange Freiheitsstrafe ist damit rechtskr\u00e4ftig, wie der BGH am Montag mitteilte.<\/p>\n<p class=\"text-18 leading-17\">Der sechste Strafsenat in <a class=\"transition-colors duration-200 cursor-pointer text-inherit no-underline text-salemsfur md:hover:text-magenta md:hover:border-magenta md:focus:text-magenta border-current border-b border-solid break-words\" href=\"https:\/\/www.t-online.de\/region\/leipzig\/\" data-sctrack=\"BodyAnchor\" target=\"_blank\" rel=\"noopener\">Leipzig<\/a> fand bei seiner \u00dcberpr\u00fcfung keine Rechtsfehler zum Nachteil des Angeklagten. Das Landgericht Hannover hatte den Mann im Mai 2025 wegen Mordes zu einer lebenslangen Freiheitsstrafe verurteilt.<\/p>\n<p class=\"text-18 leading-17\">Er hatte den Obdachlosen im Juli 2021 mit gezielten Messerstichen in den Hals get\u00f6tet, weil er die idyllische Atmosph\u00e4re im Stadtwald Eilenriede durch ihn als gest\u00f6rt empfand. Ein Passant fand den Get\u00f6teten morgens sitzend auf einer Parkbank, f\u00fcr das Opfer kam jede Hilfe zu sp\u00e4t. Das Verbrechen blieb lange unaufgekl\u00e4rt, erst im November 2024 stellte sich der Angeklagte der Polizei. Zum Prozessauftakt gestand und bedauerte er die Tat.<\/p>\n","protected":false},"excerpt":{"rendered":"Stiche in den Hals Urteil f\u00fcr Mord an Obdachlosem in der Eilenriede ist rechtskr\u00e4ftig 20.10.2025 &#8211; 15:21 UhrLesedauer:&hellip;\n","protected":false},"author":2,"featured_media":513373,"comment_status":"","ping_status":"","sticky":false,"template":"","format":"standard","meta":{"footnotes":""},"categories":[1836],"tags":[722,17161,6644,3364,29,30694,5165,30,46,2183,1411,14416,23327],"class_list":{"0":"post-513372","1":"post","2":"type-post","3":"status-publish","4":"format-standard","5":"has-post-thumbnail","7":"category-hannover","8":"tag-722","9":"tag-17161","10":"tag-bundesgerichtshof","11":"tag-de","12":"tag-deutschland","13":"tag-eilenriede","14":"tag-freiheitsstrafe","15":"tag-germany","16":"tag-hannover","17":"tag-mord","18":"tag-niedersachsen","19":"tag-stadtwald","20":"tag-stich"},"share_on_mastodon":{"url":"https:\/\/pubeurope.com\/@de\/115406777490405699","error":""},"_links":{"self":[{"href":"https:\/\/www.europesays.com\/de\/wp-json\/wp\/v2\/posts\/513372","targetHints":{"allow":["GET"]}}],"collection":[{"href":"https:\/\/www.europesays.com\/de\/wp-json\/wp\/v2\/posts"}],"about":[{"href":"https:\/\/www.europesays.com\/de\/wp-json\/wp\/v2\/types\/post"}],"author":[{"embeddable":true,"href":"https:\/\/www.europesays.com\/de\/wp-json\/wp\/v2\/users\/2"}],"replies":[{"embeddable":true,"href":"https:\/\/www.europesays.com\/de\/wp-json\/wp\/v2\/comments?post=513372"}],"version-history":[{"count":0,"href":"https:\/\/www.europesays.com\/de\/wp-json\/wp\/v2\/posts\/513372\/revisions"}],"wp:featuredmedia":[{"embeddable":true,"href":"https:\/\/www.europesays.com\/de\/wp-json\/wp\/v2\/media\/513373"}],"wp:attachment":[{"href":"https:\/\/www.europesays.com\/de\/wp-json\/wp\/v2\/media?parent=513372"}],"wp:term":[{"taxonomy":"category","embeddable":true,"href":"https:\/\/www.europesays.com\/de\/wp-json\/wp\/v2\/categories?post=513372"},{"taxonomy":"post_tag","embeddable":true,"href":"https:\/\/www.europesays.com\/de\/wp-json\/wp\/v2\/tags?post=513372"}],"curies":[{"name":"wp","href":"https:\/\/api.w.org\/{rel}","templated":true}]}}