{"id":513427,"date":"2025-10-20T14:09:25","date_gmt":"2025-10-20T14:09:25","guid":{"rendered":"https:\/\/www.europesays.com\/de\/513427\/"},"modified":"2025-10-20T14:09:25","modified_gmt":"2025-10-20T14:09:25","slug":"tatort-louvre-was-wird-aus-den-gestohlenen-juwelen","status":"publish","type":"post","link":"https:\/\/www.europesays.com\/de\/513427\/","title":{"rendered":"Tatort Louvre &#8211; Was wird aus den gestohlenen Juwelen?"},"content":{"rendered":"<p>Nach dem spektakul\u00e4ren <a href=\"https:\/\/www.br.de\/nachrichten\/deutschland-welt\/raubueberfall-im-louvre-in-paris-museum-bleibt-heute-geschlossen,V042PRz\" target=\"_blank\" rel=\"noopener\">Museumseinbruch in den weltber\u00fchmten Pariser Louvre<\/a> l\u00e4uft die landesweite Gro\u00dffahndung nach den T\u00e4tern auf Hochtouren. Regierungspolitiker reagierten emp\u00f6rt \u00fcber den Einbruch in den Louvre und k\u00fcndigten an, die Diebe mit allen n\u00f6tigen Mitteln zu jagen und zur Strecke bringen zu lassen.<\/p>\n<p><b>Was passiert mit den Juwelen &#8211; einer Beute, nach der nun die ganze Welt fahndet? Und wie geht es weiter im Louvre? Das fragt BR24 heute um 16 Uhr. Zu Gast sind der <\/b><a href=\"https:\/\/www.tagesschau.de\/korrespondenten\/cai-rienaecker-104.html\" target=\"_blank\" rel=\"noopener\"><b>ARD-Korrespondent in Paris, Cai Rien\u00e4cker<\/b><\/a><b> und der Kunst-Experte und <\/b><a href=\"https:\/\/www.deutschlandfunk.de\/stefan-koldehoff-100.html\" target=\"_blank\" rel=\"noopener\"><b>Chefreporter Kultur vom Deutschlandradio, Stefan Koldehoff<\/b><\/a><b>. Den Livestream finden Sie oben eingebettet \u00fcber diesem Artikel.<\/b><\/p>\n<p>Macron spricht von &#8222;Angriff auf Frankreichs Kulturgut&#8220;<\/p>\n<p>Frankreichs Pr\u00e4sident Emmanuel Macron hat die Tat als Angriff auf Frankreichs Kultur bezeichnet. &#8222;Der Diebstahl im Louvre ist ein Angriff auf ein Kulturgut, das wir sch\u00e4tzen, weil es Teil unserer Geschichte ist&#8220;, sagte Macron. &#8222;Wir werden die Werke wiederfinden und die T\u00e4ter vor Gericht stellen. Unter der Leitung der Staatsanwaltschaft Paris wird \u00fcberall alles getan, um dies zu erreichen&#8220;, so Macron weiter.\u00a0<\/p>\n<p>Er betonte au\u00dferdem, dass das im Januar vorgestellte Projekt zur Modernisierung des Louvre auch eine Verst\u00e4rkung der Sicherheitsvorkehrungen vorsehe. &#8222;Es wird die Erhaltung und den Schutz dessen gew\u00e4hrleisten, was unser Ged\u00e4chtnis und unsere Kultur ausmacht&#8220;, sagte der Pr\u00e4sident.\u00a0<\/p>\n<p>Flucht auf Motorrollern \u2013 Fahndung nach vier Personen l\u00e4uft<\/p>\n<p>Laut der Pariser Staatsanw\u00e4ltin Laure Beccuau wird nach einem &#8222;Kommando&#8220; von vier Personen gefahndet, das maskiert zu dem spektakul\u00e4ren Diebstahl anr\u00fcckte und danach &#8222;auf leistungsstarken Motorrollern&#8220; floh. M\u00f6glicherweise habe es sich bei den T\u00e4tern blo\u00df um Handlanger gehandelt, hinter denen eine kriminelle Organisation als Auftraggeber stecke. Bei ihrer Fahndung k\u00f6nnen sich die Ermittler auf Bilder der Video\u00fcberwachung des Museums st\u00fctzen.<\/p>\n<p>Innenminister Laurent Nu\u00f1ez sagte, der Diebstahl sei offensichtlich von einem &#8222;sehr erfahrenen Team&#8220; begangen worden. Er sei aber &#8222;zuversichtlich, dass die T\u00e4ter und die gestohlenen Gegenst\u00e4nde sehr schnell gefunden werden&#8220;.<\/p>\n<p>Handschuhe, Werkzeuge und ein Funkger\u00e4t lie\u00dfen die T\u00e4ter bei ihrem Coup am Tatort zur\u00fcck. Unweit vom Museum verloren sie au\u00dferdem eine Warnweste. Beweismittel wie diese k\u00f6nnten den Fahndern Hinweise auf die Einbrecher und ihre Hinterm\u00e4nner liefern.<\/p>\n<p>Wie im Film \u2013 \u00dcberfall dauerte nur wenige Minuten<\/p>\n<p>F\u00fcr ihren dreisten \u00dcberfall bei helllichtem Tage hatten die T\u00e4ter am Sonntagmorgen einen mit einer Hebeb\u00fchne ausgestatteten Lkw an der zur Seine gelegenen Seite des Museums auf dem B\u00fcrgersteig geparkt und Warnkegel auf der Stra\u00dfe aufgestellt. W\u00e4hrend zwei der T\u00e4ter auf Motorrollern an der Stra\u00dfe warteten, gelangten die anderen beiden mit der Hebeb\u00fchne auf einen Balkon im ersten Stock des Museums. Dort zerst\u00f6rten sie mit einem Trennschleifer eine Scheibe, um direkt in den Ausstellungsraum in der Galerie d&#8217;Apollon zu gelangen und dort auf Beutezug zu gehen.\u00a0<\/p>\n<p>Im Innern des Prachtbaus bedrohten sie nach Angaben der Staatsanw\u00e4ltin das Museumspersonal und brachen zwei Vitrinen auf. Anschlie\u00dfend verlie\u00dfen die Diebe den Louvre wieder und entkamen mit ihrer Beute \u2013 acht kostbaren Schmuckst\u00fccken fr\u00fcherer K\u00f6niginnen und Kaiserinnen, darunter mit Edelsteinen \u00fcbers\u00e4te Diademe, Halsketten, Ohrringe und Broschen. Nach nur etwa sieben Minuten flohen die T\u00e4ter. <\/p>\n<p>Diskussion \u00fcber Sicherheitsma\u00dfnahmen<\/p>\n<p>Seit dem \u00dcberfall wird heftig \u00fcber die Sicherheit franz\u00f6sischer Museen diskutiert. &#8222;Da haben wir versagt&#8220;, r\u00e4umte Justizminister Gerald Darmanin ein.\u00a0Er sorgt sich, dass dieser Diebstahl im gr\u00f6\u00dften Museum der Welt auch einen Imageschaden nach sich zieht, sagte Darmanin im Sender France Inter. Dies vermittele &#8222;ein sehr negatives Bild von Frankreich&#8220;.<\/p>\n<p>Kulturministerin Rachida Dati r\u00e4umte ein, dass der Schutz der Museen lange vernachl\u00e4ssigt worden sei. &#8222;Hier haben wir es mit organisierter Kriminalit\u00e4t zu tun, deswegen m\u00fcssen wir jetzt die n\u00f6tigen Mittel bereitstellen&#8220;, sagte sie dem Sender Europe 1.<\/p>\n<p>Louvre bleibt vorerst geschlossen<\/p>\n<p>Das Museum bleibt nach dem spektakul\u00e4ren Einbruch f\u00fcr Besucher &#8211; anders als zun\u00e4chst angek\u00fcndigt &#8211; weiter geschlossen. Wer einen Besuch gebucht habe, erhalte eine R\u00fcckerstattung, teilte der Louvre mit. Nach dem Kunstraub am Sonntagmorgen war das Museum evakuiert und f\u00fcr den Rest des Tages geschlossen worden. Dies sollte unter anderem die Ermittlungen der Polizei in dem riesigen Museum erleichtern. Die Schlie\u00dfung wird nun um einen Tag verl\u00e4ngert.<\/p>\n<p>Mit Informationen von dpa und AP<\/p>\n","protected":false},"excerpt":{"rendered":"Nach dem spektakul\u00e4ren Museumseinbruch in den weltber\u00fchmten Pariser Louvre l\u00e4uft die landesweite Gro\u00dffahndung nach den T\u00e4tern auf Hochtouren.&hellip;\n","protected":false},"author":2,"featured_media":513428,"comment_status":"","ping_status":"","sticky":false,"template":"","format":"standard","meta":{"footnotes":""},"categories":[1775],"tags":[1793,127734,127733,29,1686,214,30,87882,1794,4006,26165,319,5309,215],"class_list":{"0":"post-513427","1":"post","2":"type-post","3":"status-publish","4":"format-standard","5":"has-post-thumbnail","7":"category-kunst-und-design","8":"tag-art-and-design","9":"tag-br24-live-16-uhr","10":"tag-br24live","11":"tag-deutschland","12":"tag-diebstahl","13":"tag-entertainment","14":"tag-germany","15":"tag-juwelen","16":"tag-kunst-und-design","17":"tag-live","18":"tag-louvre","19":"tag-paris","20":"tag-raubueberfall","21":"tag-unterhaltung"},"share_on_mastodon":{"url":"https:\/\/pubeurope.com\/@de\/115406894773206972","error":""},"_links":{"self":[{"href":"https:\/\/www.europesays.com\/de\/wp-json\/wp\/v2\/posts\/513427","targetHints":{"allow":["GET"]}}],"collection":[{"href":"https:\/\/www.europesays.com\/de\/wp-json\/wp\/v2\/posts"}],"about":[{"href":"https:\/\/www.europesays.com\/de\/wp-json\/wp\/v2\/types\/post"}],"author":[{"embeddable":true,"href":"https:\/\/www.europesays.com\/de\/wp-json\/wp\/v2\/users\/2"}],"replies":[{"embeddable":true,"href":"https:\/\/www.europesays.com\/de\/wp-json\/wp\/v2\/comments?post=513427"}],"version-history":[{"count":0,"href":"https:\/\/www.europesays.com\/de\/wp-json\/wp\/v2\/posts\/513427\/revisions"}],"wp:featuredmedia":[{"embeddable":true,"href":"https:\/\/www.europesays.com\/de\/wp-json\/wp\/v2\/media\/513428"}],"wp:attachment":[{"href":"https:\/\/www.europesays.com\/de\/wp-json\/wp\/v2\/media?parent=513427"}],"wp:term":[{"taxonomy":"category","embeddable":true,"href":"https:\/\/www.europesays.com\/de\/wp-json\/wp\/v2\/categories?post=513427"},{"taxonomy":"post_tag","embeddable":true,"href":"https:\/\/www.europesays.com\/de\/wp-json\/wp\/v2\/tags?post=513427"}],"curies":[{"name":"wp","href":"https:\/\/api.w.org\/{rel}","templated":true}]}}