{"id":513578,"date":"2025-10-20T15:33:17","date_gmt":"2025-10-20T15:33:17","guid":{"rendered":"https:\/\/www.europesays.com\/de\/513578\/"},"modified":"2025-10-20T15:33:17","modified_gmt":"2025-10-20T15:33:17","slug":"diane-feininger-aus-mainstockheim-verbreitet-seitenweise-hoffnung","status":"publish","type":"post","link":"https:\/\/www.europesays.com\/de\/513578\/","title":{"rendered":"Diane Feininger aus Mainstockheim verbreitet seitenweise Hoffnung"},"content":{"rendered":"<p class=\"mb-6 text-xs md:text-m lg:text-l font-serif group-[.font-sans]:font-sans \">\n    Sie ist selbstst\u00e4ndige Grafikdesignerin und Mutter eines zehnj\u00e4hrigen Sohnes \u2013 und nun auch <a href=\"https:\/\/www.mainpost.de\/regional\/kitzingen\/geschmacklos-im-abgang-norddeutsche-schreibt-krimi-ueber-nordheim-art-10853097\" target=\"_self\" class=\"underline \" rel=\"nofollow noopener\">Buchautorin<\/a>. Optimismus, Tatkraft und Fr\u00f6hlichkeit zeichnen die Mainstockheimerin aus. Doch bevor ihr erstes Buch entstand, erlebte sie das Gef\u00fchlschaos nach einer Trennung. Diese Zeit brachte sie schlie\u00dflich dazu, ihre Gedanken niederzuschreiben. \u201eVor 14 Jahren habe ich das Buch verfasst, aber erst im vergangenen Jahr ver\u00f6ffentlicht\u201c, berichtet Diane Feininger, w\u00e4hrend sie gedankenverloren in ihrem Kaffee r\u00fchrt.\n  <\/p>\n<ul data-module-id=\"DragDropModule\" class=\"flex flex-wrap justify-start group-[.no-bookmarks]:hidden\">\n<li class=\"mb-3 mr-3\">\n    Bassel Matar<\/p>\n<p>      Icon Haken im Kreis gesetzt<\/p>\n<p>      Icon Plus im Kreis<\/p>\n<\/li>\n<li class=\"mb-3 mr-3\">\n    97318 Kitzingen<\/p>\n<p>      Icon Haken im Kreis gesetzt<\/p>\n<p>      Icon Plus im Kreis<\/p>\n<\/li>\n<li class=\"mb-3 mr-3\">\n    Tiefgang<\/p>\n<p>      Icon Haken im Kreis gesetzt<\/p>\n<p>      Icon Plus im Kreis<\/p>\n<\/li>\n<\/ul>\n","protected":false},"excerpt":{"rendered":"Sie ist selbstst\u00e4ndige Grafikdesignerin und Mutter eines zehnj\u00e4hrigen Sohnes \u2013 und nun auch Buchautorin. Optimismus, Tatkraft und Fr\u00f6hlichkeit&hellip;\n","protected":false},"author":2,"featured_media":513579,"comment_status":"","ping_status":"","sticky":false,"template":"","format":"standard","meta":{"footnotes":""},"categories":[1774],"tags":[1784,1785,29,214,30,215],"class_list":{"0":"post-513578","1":"post","2":"type-post","3":"status-publish","4":"format-standard","5":"has-post-thumbnail","7":"category-buecher","8":"tag-books","9":"tag-buecher","10":"tag-deutschland","11":"tag-entertainment","12":"tag-germany","13":"tag-unterhaltung"},"share_on_mastodon":{"url":"https:\/\/pubeurope.com\/@de\/115407225423122236","error":""},"_links":{"self":[{"href":"https:\/\/www.europesays.com\/de\/wp-json\/wp\/v2\/posts\/513578","targetHints":{"allow":["GET"]}}],"collection":[{"href":"https:\/\/www.europesays.com\/de\/wp-json\/wp\/v2\/posts"}],"about":[{"href":"https:\/\/www.europesays.com\/de\/wp-json\/wp\/v2\/types\/post"}],"author":[{"embeddable":true,"href":"https:\/\/www.europesays.com\/de\/wp-json\/wp\/v2\/users\/2"}],"replies":[{"embeddable":true,"href":"https:\/\/www.europesays.com\/de\/wp-json\/wp\/v2\/comments?post=513578"}],"version-history":[{"count":0,"href":"https:\/\/www.europesays.com\/de\/wp-json\/wp\/v2\/posts\/513578\/revisions"}],"wp:featuredmedia":[{"embeddable":true,"href":"https:\/\/www.europesays.com\/de\/wp-json\/wp\/v2\/media\/513579"}],"wp:attachment":[{"href":"https:\/\/www.europesays.com\/de\/wp-json\/wp\/v2\/media?parent=513578"}],"wp:term":[{"taxonomy":"category","embeddable":true,"href":"https:\/\/www.europesays.com\/de\/wp-json\/wp\/v2\/categories?post=513578"},{"taxonomy":"post_tag","embeddable":true,"href":"https:\/\/www.europesays.com\/de\/wp-json\/wp\/v2\/tags?post=513578"}],"curies":[{"name":"wp","href":"https:\/\/api.w.org\/{rel}","templated":true}]}}