{"id":513594,"date":"2025-10-20T15:41:12","date_gmt":"2025-10-20T15:41:12","guid":{"rendered":"https:\/\/www.europesays.com\/de\/513594\/"},"modified":"2025-10-20T15:41:12","modified_gmt":"2025-10-20T15:41:12","slug":"arbeitslosigkeit-in-deutschland-ploetzlich-ohne-job-jetzt-trifft-es-die-eliten-welt","status":"publish","type":"post","link":"https:\/\/www.europesays.com\/de\/513594\/","title":{"rendered":"Arbeitslosigkeit in Deutschland: Pl\u00f6tzlich ohne Job \u2013 jetzt trifft es die Eliten &#8211; WELT"},"content":{"rendered":"<ol>\n<li><a href=\"https:\/\/news.google.com\/rss\/articles\/CBMi2wFBVV95cUxOMWhrSmt4U051T0xVdl9Nd19GQ3dlRFN3aXFheUxIZWRFY0VIYjJON2p6S05UeFlqWEczUDB2OG5xVExadFA0aXdnTm1sbkZLM1g0Y0pQdzk2QmgyQ3VMUzhXWm1ud0pVQWZpSEsyajFkYnBEMWI3dmVRYkFMZHBRMXJBOG8yUjZfcGViVHozSWNDd3VNVjJzdUhmM1FsX2tmV3B2QjVMMDMwdkxRSXE2RTRUcnNsa3R1TXNTYmVyS3NyTE1rcmMzaTBvbFdLOFAxcGRieTM1b283WE0?oc=5\" target=\"_blank\" rel=\"nofollow noopener\">Arbeitslosigkeit in Deutschland: Pl\u00f6tzlich ohne Job \u2013 jetzt trifft es die Eliten<\/a>&nbsp;&nbsp;WELT<\/li>\n<li><a href=\"https:\/\/news.google.com\/rss\/articles\/CBMizgFBVV95cUxPS3dYcHhJM0w1QUNrQS1uMGIzZmhySm1aNWpPckROeEdTYjlKeWNkZThFTEItN2ZUMmxKd29hRXFwbDl1SjFqRHZKOGE1T1puM0E2bFNqRzhrZWdPZGRkVHJvYkFmeFMyc25GLWcybkVJeXg5U1RUWkUxejBIdkdKcG0wcjJGVVhzbUJBZ2E1Tm1OVktsVXRiRFRFOHZ4RmZtTHJRckpiUzJkTE8tSGVDQTVMd0pLelRYc1c5VHg1NlJpTmN1UlBlTnhhdzJFUQ?oc=5\" target=\"_blank\" rel=\"nofollow noopener\">Pr\u00fcfers Kolumne: KI macht uns alle \u00fcberfl\u00fcssig \u2013 au\u00dfer die M\u00fcllm\u00e4nner!<\/a>&nbsp;&nbsp;Handelsblatt<\/li>\n<li><a href=\"https:\/\/news.google.com\/rss\/articles\/CBMiygFBVV95cUxNeGdNRzJjMzEyaFpQclpMcEoxOUdfdW9HeHVlckExMU9TTXlWTWpFRUY4UU5lVFluc3QxdExqMHFDeGFJN3ByZUdKTG5EUmROY05ZblZWZGNuVmMwaDA2TS1COFpPZkpkajdKbXNQM1FqZFdMSHMwamNZNlFWWmRCdFRBMG92VE14ZUhWMkpHMWlRenc3akFaRU0wV1VTeno2QlJwdlN4eWxxSUc3dWFXSk5BNlFyeE15QWhZR0h6SWVmeEtFRWt1X093?oc=5\" target=\"_blank\" rel=\"nofollow noopener\">Klaut die KI meinen Arbeitsplatz? Welche Jobs K\u00fcnstliche Intelligenz heute \u00fcbernehmen kann \u2013 und welche nicht<\/a>&nbsp;&nbsp;shz.de<\/li>\n<li><a href=\"https:\/\/news.google.com\/rss\/articles\/CBMi4gFBVV95cUxOamZFRkt0SDlyYVFaQlNSWW9VRmxRUkcxalhSMHU3X2x6N081VmlJelRRRkFCWWVFTVJDanVsMGR0YlU5aGQ4N2hMNkJyWUFuV3dUVm9HUFRnSklvNWdlQVZ4clhTMUpMamZhS0R0R1MyVXNiOVQyWWJKM0FJVVVEa3RiNFd1bUhPRTNDbzFSS29DZXhzWjA0aXZnWGxJcEVtSXZxY2ZqdHRjNm40R2RhYmt1N1cxMi1qNE5KdW5KNEpYMGVhMi1qeHlCUThzRWdKMHctYkRlOW1iNUFJYkoyeHRB?oc=5\" target=\"_blank\" rel=\"nofollow noopener\">Arbeitsmarkt im Wandel: Polarisierung, Fachkr\u00e4fteengp\u00e4sse und Labour Hoarding<\/a>&nbsp;&nbsp;Wirtschaftsdienst | Zeitschrift f\u00fcr Wirtschaftspolitik<\/li>\n<li><a href=\"https:\/\/news.google.com\/rss\/articles\/CBMirAFBVV95cUxNZW1jZm9pZDg2N1JIRXRPSGowQVkzQk5CZTNpc3JTZC0xTXEwSUJJaGJLTi1jZVNOS0pJQUdMQ1NGYkRkV2JZa1l6U2s4cGlWU29JVFN4Y2V3YTRyQ2pWVmw2bC1mTEw5Wmc4UkxoM1JFN1MzdkJrNlc0a0RKZEh3NWIwTmdDcUY5czc4aW4ySmJGb0xET2V1YjhuN083OWdCUC1lMVlLS0Zuc2Jj?oc=5\" target=\"_blank\" rel=\"nofollow noopener\">Aussterbende Berufe: Diese 7 Berufe soll es in 10 Jahren nicht mehr geben<\/a>&nbsp;&nbsp;wmn.de<\/li>\n<\/ol>\n","protected":false},"excerpt":{"rendered":"Arbeitslosigkeit in Deutschland: Pl\u00f6tzlich ohne Job \u2013 jetzt trifft es die Eliten&nbsp;&nbsp;WELT Pr\u00fcfers Kolumne: KI macht uns alle&hellip;\n","protected":false},"author":2,"featured_media":513595,"comment_status":"","ping_status":"","sticky":false,"template":"","format":"standard","meta":{"footnotes":""},"categories":[134],"tags":[85124,74786,175,127756,170,169,59912,29,30,59183,56292,1256,171,174,173,172],"class_list":{"0":"post-513594","1":"post","2":"type-post","3":"status-publish","4":"format-standard","5":"has-post-thumbnail","7":"category-unternehmen-maerkte","8":"tag-arbeitslosigkeit-ks","9":"tag-arbeitsmarkt-ks","10":"tag-business","11":"tag-cntnt-prsntng-ki","12":"tag-companies","13":"tag-companies-markets","14":"tag-dams-jan","15":"tag-deutschland","16":"tag-germany","17":"tag-kc_makro","18":"tag-konjunktur-ks","19":"tag-kuenstliche-intelligenz","20":"tag-markets","21":"tag-maerkte","22":"tag-unternehmen","23":"tag-unternehmen-maerkte"},"share_on_mastodon":{"url":"https:\/\/pubeurope.com\/@de\/115407256661109431","error":""},"_links":{"self":[{"href":"https:\/\/www.europesays.com\/de\/wp-json\/wp\/v2\/posts\/513594","targetHints":{"allow":["GET"]}}],"collection":[{"href":"https:\/\/www.europesays.com\/de\/wp-json\/wp\/v2\/posts"}],"about":[{"href":"https:\/\/www.europesays.com\/de\/wp-json\/wp\/v2\/types\/post"}],"author":[{"embeddable":true,"href":"https:\/\/www.europesays.com\/de\/wp-json\/wp\/v2\/users\/2"}],"replies":[{"embeddable":true,"href":"https:\/\/www.europesays.com\/de\/wp-json\/wp\/v2\/comments?post=513594"}],"version-history":[{"count":0,"href":"https:\/\/www.europesays.com\/de\/wp-json\/wp\/v2\/posts\/513594\/revisions"}],"wp:featuredmedia":[{"embeddable":true,"href":"https:\/\/www.europesays.com\/de\/wp-json\/wp\/v2\/media\/513595"}],"wp:attachment":[{"href":"https:\/\/www.europesays.com\/de\/wp-json\/wp\/v2\/media?parent=513594"}],"wp:term":[{"taxonomy":"category","embeddable":true,"href":"https:\/\/www.europesays.com\/de\/wp-json\/wp\/v2\/categories?post=513594"},{"taxonomy":"post_tag","embeddable":true,"href":"https:\/\/www.europesays.com\/de\/wp-json\/wp\/v2\/tags?post=513594"}],"curies":[{"name":"wp","href":"https:\/\/api.w.org\/{rel}","templated":true}]}}