{"id":513851,"date":"2025-10-20T18:04:12","date_gmt":"2025-10-20T18:04:12","guid":{"rendered":"https:\/\/www.europesays.com\/de\/513851\/"},"modified":"2025-10-20T18:04:12","modified_gmt":"2025-10-20T18:04:12","slug":"tierheim-zieht-positive-bilanz-fuer-das-jahr-2024","status":"publish","type":"post","link":"https:\/\/www.europesays.com\/de\/513851\/","title":{"rendered":"Tierheim zieht positive Bilanz f\u00fcr das Jahr 2024"},"content":{"rendered":"<p>Positive Bilanz f\u00fcr 2024 <\/p>\n<p>M\u00fcnchner Tierheim verzeichnet Zuwachs bei Wildtierstation<\/p>\n<p>20.10.2025 &#8211; 19:05 UhrLesedauer: 2 Min.<\/p>\n<p><a href=\"#focus-0\" class=\"transition-colors duration-200 block text-current relative\" data-sctrack=\"FocusGalleryImage.Reference\"><img fetchpriority=\"high\" data-testid=\"Opener.Image\" style=\"--lqipURL:url('https:\/\/images.t-online.de\/2025\/10\/eg8UmdQARQGq\/1x0:1364x767\/fit-in\/150x0\/filters:blur(25)\/image.webp')\"   loading=\"eager\" src=\"https:\/\/www.europesays.com\/de\/wp-content\/uploads\/2025\/10\/1760983452_310_image.webp.webp\" alt=\"Eine Nestling im Tierheim M\u00fcnchen (Archivbild): Die Kosten f\u00fcr den Schutz der Tiere tr\u00e4gt derzeit der M\u00fcnchner Tierschutzverein.\" title=\"Eine Nestling im Tierheim M\u00fcnchen (Archivbild): Die Kosten f\u00fcr den Schutz der Tiere tr\u00e4gt derzeit der M\u00fcnchner Tierschutzverein.\" width=\"1364\" height=\"767\" class=\"bg-[url:var(--lqipURL)] bg-cover bg-center flex h-full w-full max-w-full\" decoding=\"async\"\/><img style=\"--width:32;--height:32\" loading=\"lazy\" src=\"https:\/\/muenchen.t-online.de\/s\/paper\/_next\/static\/media\/zoom-in.f7dae02f.svg\" alt=\"Vergr\u00f6\u00dfern des Bildes\" title=\"Vergr\u00f6\u00dfern des Bildes\" class=\"block h-[calc(var(--height)_\/_16_*_1rem)] w-[calc(var(--width)_\/_16_*_1rem)] max-w-none absolute bottom-8 right-8 rounded-4 bg-snow p-8\" decoding=\"async\"\/><\/a><\/p>\n<p>Eine Nestling im Tierheim M\u00fcnchen (Archivbild): Die Kosten f\u00fcr den Schutz der Tiere tr\u00e4gt derzeit der M\u00fcnchner Tierschutzverein. (Quelle: Tierheim M\u00fcnchen)<\/p>\n<p class=\"font-bold text-18 leading-17\">F\u00fcr das Jahr 2024 zieht das M\u00fcnchner Tierheim eine positive Bilanz. Besonders die Wildtierstation profitiert davon.<\/p>\n<p class=\"text-18 leading-17\">Immer wieder suchen Tiere in M\u00fcnchen ein neues Zuhause oder m\u00fcssen versorgt werden. Das M\u00fcnchner Tierheim blickt zur\u00fcck auf das Jahr 2024 und zieht eine positive Bilanz. Wie die Einrichtung mitteilt, sind im vergangenen Jahr insgesamt 2024 7.177 tierische Bewohner versorgt worden \u2013 etwa genau so viele wie Jahr 2023.<\/p>\n<p class=\"text-18 leading-17\">Insbesondere die Wildtierabteilung hat laut Tierheim ein deutliches Wachstum verzeichnet. Rund 5.000 Tiere fanden hier Hilfe. Im Vergleich zu den Zahlen vor zehn Jahren ein deutlicher Anstieg, waren es vergangenes Jahr fast doppelt so viele. Der Grund: der Klimawandel sowie der Verlust ihres Lebensraums durch zunehmende Bebauung.<\/p>\n<p class=\"text-18 leading-17\">Die Kosten f\u00fcr den Schutz der heimischen Tiere werden derzeit vollst\u00e4ndig durch den Tierschutzverein gedeckt. \u00d6ffentliche F\u00f6rdermittel fehlen. Trotz eines Verlust in der Gesamtbilanz von etwa einer halben Million Euro im Jahr 2023, konnte das M\u00fcnchner Tierheim 2024 wieder schwarze Zahlen schreiben. Der Zugewinn von \u00fcber 500.000 Euro stammt dabei \u00fcberwiegend aus Erbschaften.<\/p>\n<p class=\"text-18 leading-17\">Vor allem die Bauprojekte, mit denen der Verein die Bedingungen f\u00fcr Tiere und Mitarbeitende weiter verbessern m\u00f6chte, standen im vergangenen Jahr im Fokus. Dazu z\u00e4hlen unter anderem der laufende Neubau des Hundehauses am Gnadenhof in Kirchasch: Hier werden k\u00fcnftig vierzehn Hundezwinger mit Au\u00dfengehegen Platz f\u00fcr rund 25 Hunde bieten, erg\u00e4nzt durch eine zentrale Futterk\u00fcche und einen neuen Behandlungsraum f\u00fcr Tierarztbesuche. Die Fertigstellung ist bis Mitte 2026 geplant. Die Baukosten belaufen sich sch\u00e4tzungsweise auf rund drei Millionen Euro.<\/p>\n<p class=\"text-18 leading-17\">Die Bilanz f\u00fcr das Jahr 2024 wurde am Samstag, 18. Oktober, im Rahmen der j\u00e4hrlichen Mitgliederversammlung des M\u00fcnchner Tierheims vorgestellt. Kurt Perlinger, der den Verein seit 21 Jahren leitet, wurde hierbei erneut zum Vorsitzenden bestimmt.<\/p>\n","protected":false},"excerpt":{"rendered":"Positive Bilanz f\u00fcr 2024 M\u00fcnchner Tierheim verzeichnet Zuwachs bei Wildtierstation 20.10.2025 &#8211; 19:05 UhrLesedauer: 2 Min. Eine Nestling&hellip;\n","protected":false},"author":2,"featured_media":513852,"comment_status":"","ping_status":"","sticky":false,"template":"","format":"standard","meta":{"footnotes":""},"categories":[1827],"tags":[772,29,30,1268,127802,2486,6607,127801,33477],"class_list":{"0":"post-513851","1":"post","2":"type-post","3":"status-publish","4":"format-standard","5":"has-post-thumbnail","7":"category-muenchen","8":"tag-bayern","9":"tag-deutschland","10":"tag-germany","11":"tag-muenchen","12":"tag-nestling","13":"tag-tierheim","14":"tag-tierschutzverein","15":"tag-wildtierstation","16":"tag-zuwachs"},"share_on_mastodon":{"url":"https:\/\/pubeurope.com\/@de\/115407819324238067","error":""},"_links":{"self":[{"href":"https:\/\/www.europesays.com\/de\/wp-json\/wp\/v2\/posts\/513851","targetHints":{"allow":["GET"]}}],"collection":[{"href":"https:\/\/www.europesays.com\/de\/wp-json\/wp\/v2\/posts"}],"about":[{"href":"https:\/\/www.europesays.com\/de\/wp-json\/wp\/v2\/types\/post"}],"author":[{"embeddable":true,"href":"https:\/\/www.europesays.com\/de\/wp-json\/wp\/v2\/users\/2"}],"replies":[{"embeddable":true,"href":"https:\/\/www.europesays.com\/de\/wp-json\/wp\/v2\/comments?post=513851"}],"version-history":[{"count":0,"href":"https:\/\/www.europesays.com\/de\/wp-json\/wp\/v2\/posts\/513851\/revisions"}],"wp:featuredmedia":[{"embeddable":true,"href":"https:\/\/www.europesays.com\/de\/wp-json\/wp\/v2\/media\/513852"}],"wp:attachment":[{"href":"https:\/\/www.europesays.com\/de\/wp-json\/wp\/v2\/media?parent=513851"}],"wp:term":[{"taxonomy":"category","embeddable":true,"href":"https:\/\/www.europesays.com\/de\/wp-json\/wp\/v2\/categories?post=513851"},{"taxonomy":"post_tag","embeddable":true,"href":"https:\/\/www.europesays.com\/de\/wp-json\/wp\/v2\/tags?post=513851"}],"curies":[{"name":"wp","href":"https:\/\/api.w.org\/{rel}","templated":true}]}}