{"id":513949,"date":"2025-10-20T19:01:35","date_gmt":"2025-10-20T19:01:35","guid":{"rendered":"https:\/\/www.europesays.com\/de\/513949\/"},"modified":"2025-10-20T19:01:35","modified_gmt":"2025-10-20T19:01:35","slug":"die-unglaubliche-geschichte-des-neuen-deutschen-wunder-stuermers-ebnoutalib-sport","status":"publish","type":"post","link":"https:\/\/www.europesays.com\/de\/513949\/","title":{"rendered":"Die unglaubliche Geschichte des neuen deutschen Wunder-St\u00fcrmers Ebnoutalib | Sport"},"content":{"rendered":"<p><b>Vom Nobody zum \u00dcberflieger der 2. Bundesliga!<\/b><\/p>\n<p>Die SV Elversberg gr\u00fc\u00dft von der Tabellenspitze \u2013 und einer, den kaum jemand vor der Saison auf der Rechnung hatte, besitzt einen ganz gro\u00dfen Anteil am spektakul\u00e4ren Saisonstart der Saarl\u00e4nder: St\u00fcrmer Younes Ebnoutalib (22), der erst im Januar f\u00fcr rund 100.000 Euro aus der Regionalliga vom FC Gie\u00dfen verpflichtet wurde. Unfassbar: Von Januar bis Juli 2024 war er sogar noch vereinslos, nachdem er seinen Vertrag beim AC Perugia aufl\u00f6ste.<\/p>\n<p><b>Bei den Italienern stagnierte seine Karriere. Der geb\u00fcrtige Frankfurter mit marokkanischen Wurzeln lebte von 800 Euro im Monat. Davon musste er 450 f\u00fcr die Miete aufwenden, wohnte mit rund zehn anderen Jugendlichen in einer Baracke. Sein Einjahresvertrag verl\u00e4ngerte sich aufgrund einer Regel im italienischen Fu\u00dfball auf f\u00fcnf Saisons. F\u00fcr die Profis durfte er nicht spielen, weil er nicht flie\u00dfend Italienisch sprechen konnte. <\/b><\/p>\n<p><b>Gehen durfte der St\u00fcrmer erst nach einem Mittelfu\u00dfbruch. Sieben Monate war er vereinslos, um seine Verletzung auszukurieren, unterschrieb dann beim FC Gie\u00dfen in der 4. Liga. <\/b><\/p>\n<p>In seiner ersten richtigen Profi-Saison startet er in Elversberg auf Anhieb durch. Er erzielte beim 6:0 gegen F\u00fcrth seinen ersten Hattrick, nachdem er bereits drei Doppelpacks in dieser Zweitliga-Saison geknipst hatte und nun nach neun Spielen bei neun Treffern steht. <\/p>\n<p>Auch interessant<\/p>\n<p>Anzeige<\/p>\n<p>Auch interessant<\/p>\n<p>Anzeige<\/p>\n<p><b>Der derzeit beste Torj\u00e4ger der 2. Liga<\/b> <b>profitiert heute von seiner enormen Physis dank seiner Kampfsport-Fitness. Younes ist der Sohn von Faissal Ebnoutalib (54). Der geb\u00fcrtige Marokkaner lie\u00df sich 1996 einb\u00fcrgern, um f\u00fcr die deutsche Taekwondo-Nationalmannschaft zu k\u00e4mpfen. 2000 gewann er bei den Olympischen Spielen in Sydney Silber, wurde pers\u00f6nlich vom \u00addamaligen Bundeskanzler Gerhard Schr\u00f6der (81) ausgezeichnet. Auch Younes begann mit Taekwondo, besitzt den schwarzen G\u00fcrtel. Fu\u00dfball spielte er nebenbei auf der Stra\u00dfe \u2013 unter anderem mit Bruder Ilias (20), der inzwischen bei Hannover 96 unter Vertrag ist. Erst im Alter von 14 Jahren schaffte er es, seinen Vater davon zu \u00fcberzeugen, in einen Verein einzutreten (Rot-Weiss Frankfurt).<\/b><\/p>\n<p>Mehr zum Thema<\/p>\n<p><b>Acht Jahre sp\u00e4ter sein Durchbruch auf der Profi-B\u00fchne!<\/b><\/p>\n<p>Bei den Elversbergern besitzt er einen Vertrag bis 2028. Er d\u00fcrfte der Rekordtransfer der SVE werden. Im deutschen und auch europ\u00e4ischen Fu\u00dfball gilt er bereits als sogenannter \u201ePlayer to watch\u201c, ein Spieler, den man beobachten muss. Dementsprechend hoch ist jetzt schon sein Preisschild, das in der Bundesliga intensiv diskutiert wird.<\/p>\n<p>\u201eWo haben die Fu\u00dfball gelernt?\u201c: Lehmann macht Kovac schwere Taktik-Vorw\u00fcrfe!<a class=\"anchor video-teaser__anchor\" href=\"https:\/\/www.bild.de\/sport\/fussball\/wo-haben-die-fussball-gelernt-lehmann-macht-kovac-schwere-vorwuerfe-68f4c114e848f25b0682ee3e\" target=\"_blank\" rel=\"noopener\"><img decoding=\"async\" width=\"992\" height=\"558\" alt=\"\u201eWo haben die Fu\u00dfball gelernt?\u201c: Lehmann macht Kovac schwere Vorw\u00fcrfe!\" src=\"https:\/\/www.europesays.com\/de\/wp-content\/uploads\/2025\/10\/7b8a0aca578f31b9a6756640282222d9-landscape,5d1d66cc\"   class=\"landscape teaser__image\" loading=\"lazy\"\/><\/a><\/p>\n<p>Quelle: BILD19.10.2025<\/p>\n<p><b>Nach BILD-Infos ruft Elversberg schon jetzt 6 bis 8 Mio. Euro auf. Die halbe Bundesliga soll sich bereits mit Ebnoutalib besch\u00e4ftigen. Und schon im Winter d\u00fcrften erste Anfragen bei Sport-Boss Ole Book (39) eintrudeln. Sp\u00e4testens nach dieser Saison werden konkrete Angebote f\u00fcr den Torj\u00e4ger erwartet.<\/b><\/p>\n<p>Es w\u00e4re der n\u00e4chste Schritt eines absoluten Fu\u00dfballm\u00e4rchens\u00a0\u2026<\/p>\n","protected":false},"excerpt":{"rendered":"Vom Nobody zum \u00dcberflieger der 2. Bundesliga! Die SV Elversberg gr\u00fc\u00dft von der Tabellenspitze \u2013 und einer, den&hellip;\n","protected":false},"author":2,"featured_media":513950,"comment_status":"","ping_status":"","sticky":false,"template":"","format":"standard","meta":{"footnotes":""},"categories":[5],"tags":[621,331,332,1263,299,3364,29,347,30,13,14,15,406,12,469,1576,5079,45,784],"class_list":{"0":"post-513949","1":"post","2":"type-post","3":"status-publish","4":"format-standard","5":"has-post-thumbnail","7":"category-nachrichten","8":"tag-2-bundesliga","9":"tag-aktuelle-nachrichten","10":"tag-aktuelle-news","11":"tag-aufmacher-bereich","12":"tag-bundesliga","13":"tag-de","14":"tag-deutschland","15":"tag-fussball","16":"tag-germany","17":"tag-headlines","18":"tag-nachrichten","19":"tag-news","20":"tag-saarland","21":"tag-schlagzeilen","22":"tag-sport-leuchtturm-zentral","23":"tag-super-a-teaser","24":"tag-sv-elversberg","25":"tag-texttospeech","26":"tag-zweite-bundesliga"},"share_on_mastodon":{"url":"https:\/\/pubeurope.com\/@de\/115408043826140638","error":""},"_links":{"self":[{"href":"https:\/\/www.europesays.com\/de\/wp-json\/wp\/v2\/posts\/513949","targetHints":{"allow":["GET"]}}],"collection":[{"href":"https:\/\/www.europesays.com\/de\/wp-json\/wp\/v2\/posts"}],"about":[{"href":"https:\/\/www.europesays.com\/de\/wp-json\/wp\/v2\/types\/post"}],"author":[{"embeddable":true,"href":"https:\/\/www.europesays.com\/de\/wp-json\/wp\/v2\/users\/2"}],"replies":[{"embeddable":true,"href":"https:\/\/www.europesays.com\/de\/wp-json\/wp\/v2\/comments?post=513949"}],"version-history":[{"count":0,"href":"https:\/\/www.europesays.com\/de\/wp-json\/wp\/v2\/posts\/513949\/revisions"}],"wp:featuredmedia":[{"embeddable":true,"href":"https:\/\/www.europesays.com\/de\/wp-json\/wp\/v2\/media\/513950"}],"wp:attachment":[{"href":"https:\/\/www.europesays.com\/de\/wp-json\/wp\/v2\/media?parent=513949"}],"wp:term":[{"taxonomy":"category","embeddable":true,"href":"https:\/\/www.europesays.com\/de\/wp-json\/wp\/v2\/categories?post=513949"},{"taxonomy":"post_tag","embeddable":true,"href":"https:\/\/www.europesays.com\/de\/wp-json\/wp\/v2\/tags?post=513949"}],"curies":[{"name":"wp","href":"https:\/\/api.w.org\/{rel}","templated":true}]}}