{"id":513961,"date":"2025-10-20T19:18:15","date_gmt":"2025-10-20T19:18:15","guid":{"rendered":"https:\/\/www.europesays.com\/de\/513961\/"},"modified":"2025-10-20T19:18:15","modified_gmt":"2025-10-20T19:18:15","slug":"dieser-angesagte-stadtteil-schlaegt-sogar-neukoelln","status":"publish","type":"post","link":"https:\/\/www.europesays.com\/de\/513961\/","title":{"rendered":"Dieser angesagte Stadtteil schl\u00e4gt sogar Neuk\u00f6lln"},"content":{"rendered":"<p>Besser als Neuk\u00f6lln <\/p>\n<p>Dieser Stadtteil geh\u00f6rt zu den angesagtesten Vierteln im Land<\/p>\n<p>20.10.2025 &#8211; 19:49 UhrLesedauer: 2 Min.<\/p>\n<p><a href=\"#focus-0\" class=\"transition-colors duration-200 block text-current relative\" data-sctrack=\"FocusGalleryImage.Reference\"><img fetchpriority=\"high\" data-testid=\"Opener.Image\" style=\"--lqipURL:url('https:\/\/images.t-online.de\/2025\/10\/ezm0kz16BNdP\/0x1076:2661x1497\/fit-in\/150x0\/filters:blur(25)\/nasenschild-eines-lokals-der-gostenhofer-dorfschulze-gostenhof-nuernberg-mittelfranken-bayern-deutschland-europa-nose-sign-of-a-pub-der-gostenhofer-dorfschulze-gostenhof-nuremberg-middle-franconia-bavaria-germany-europe-copyright-imagebroker-helmutxmeyerxzurxcap-iblmzc11305924-jpg.jpg')\"   loading=\"eager\" src=\"https:\/\/www.europesays.com\/de\/wp-content\/uploads\/2025\/10\/nasenschild-eines-lokals-der-gostenhofer-dorfschulze-gostenhof-nuernberg-mittelfranken-bayern-deutsc.jpeg\" alt=\"imago images 0759428589\" title=\"imago images 0759428589\" width=\"2661\" height=\"1497\" class=\"bg-[url:var(--lqipURL)] bg-cover bg-center flex h-full w-full max-w-full\" decoding=\"async\"\/><img style=\"--width:32;--height:32\" loading=\"lazy\" src=\"https:\/\/nuernberg.t-online.de\/s\/paper\/_next\/static\/media\/zoom-in.f7dae02f.svg\" alt=\"Vergr\u00f6\u00dfern des Bildes\" title=\"Vergr\u00f6\u00dfern des Bildes\" class=\"block h-[calc(var(--height)_\/_16_*_1rem)] w-[calc(var(--width)_\/_16_*_1rem)] max-w-none absolute bottom-8 right-8 rounded-4 bg-snow p-8\" decoding=\"async\"\/><\/a><\/p>\n<p>Au\u00dfenschild einer Bar in N\u00fcrnberg (Archivbild): Wohl auch der Gastroszene, verdankt das Viertel seine Platzierung. (Quelle: IMAGO\/imageBROKER\/Helmut Meyer zur Cap\/imago)<\/p>\n<p class=\"font-bold text-18 leading-17\">Welche Szeneviertel in Deutschland sind am angesagtesten? Laut einem Vergleich spielt ein Stadtteil N\u00fcrnbergs ziemlich weit oben mit.<\/p>\n<p class=\"text-18 leading-17\">Die Frage, welches Szeneviertel in Deutschland am angesagtesten ist, will jetzt ein neues Ranking des Reiseanbieters TUI beantworten. Ergebnis: Ein Stadtteil N\u00fcrnbergs ist deutschlandweit durchaus konkurrenzf\u00e4hig. Dabei handelt es sich, f\u00fcr die meisten wohl wenig \u00fcberraschend, um Gostenhof.<\/p>\n<p class=\"text-18 leading-17\">Das Viertel im Westen der Stadt landet in dem Vergleich auf Platz 16 \u2013 vor Neuk\u00f6lln und hinter Friedrichshain in Berlin. F\u00fcr den Vergleich hat der Reiseanbieter verschiedene Faktoren ber\u00fccksichtigt. Bewertet wurden die Anzahl an TikTok-Hashtags mit dem Namen des Viertels, die Dichte an Bars, veganen Restaurants sowie Pilates- und Yoga-Studios. Auch Flohmarkttermine sowie die Durchschnittspreise f\u00fcr einen Matcha-Latte, beziehungsweise einen Espresso Martini sind genau wie die H\u00e4ufigkeit der Suchanfragen bei Google in die Auswertung eingeflossen.<\/p>\n<p class=\"text-18 leading-17\">Aus allen Faktoren hat TUI dann einen Score errechnet. Gostenhof kommt dabei auf 38,75 von 100 m\u00f6glichen Punkten. Zum Vergleich: Der deutschlandweite Spitzenreiter Berlin-Kreuzberg landet bei 57,50 Punkten. Die Maxvorstadt, das laut dem Ranking angesagteste Viertel in M\u00fcnchen, kommt auf 42,50 Punkte \u2013 macht deutschlandweit Platz 10.<\/p>\n<p class=\"text-18 leading-17\">Besonders positiv fiel Gostenhof laut TUI durch einen vergleichsweise g\u00fcnstigen Matcha-Durchschnittspreis von 4,47 Euro auf. Nur in vier anderen Szenevierteln ist das Getr\u00e4nk durchschnittlich ein paar Cent g\u00fcnstiger. Mit einem Espresso-Martini-Durchschnittspreis von 10,33 Euro landete Gostenhof deutschlandweit immerhin auf Platz 7. F\u00fcr 6,4 Yoga- und Pilates-Studios pro 10.000 Einwohner gab es ebenfalls Platz 7.<\/p>\n<p class=\"text-18 leading-17\">Eher wenige \u00fcberzeugen konnte &#8222;Goho&#8220; in den Kategorien TikTok-Hashtags sowie der Anzahl an Flohmarktterminen. Zur Ehrenrettung: In diesen beiden Kategorien ber\u00fccksichtigt das Ranking nur den Zeitraum Juni 2025.<\/p>\n<p class=\"text-18 leading-17\">Auf Platz 28 landet in dem Vergleich \u00fcbrigens die N\u00fcrnberger Altstadt mit einem Score von 30 Punkten. Dort warten zwar viele historische Sehensw\u00fcrdigkeiten, Einkaufsm\u00f6glichkeiten und Gastrobetriebe auf Besucher, doch ein Szeneviertel im klassischen Sinn ist das Stadtzentrum wohl eher nicht.<\/p>\n","protected":false},"excerpt":{"rendered":"Besser als Neuk\u00f6lln Dieser Stadtteil geh\u00f6rt zu den angesagtesten Vierteln im Land 20.10.2025 &#8211; 19:49 UhrLesedauer: 2 Min.&hellip;\n","protected":false},"author":2,"featured_media":513962,"comment_status":"","ping_status":"","sticky":false,"template":"","format":"standard","meta":{"footnotes":""},"categories":[1837],"tags":[772,296,3364,29,7569,68384,30,526,3783,6053,26539,1249],"class_list":{"0":"post-513961","1":"post","2":"type-post","3":"status-publish","4":"format-standard","5":"has-post-thumbnail","7":"category-nuernberg","8":"tag-bayern","9":"tag-berlin","10":"tag-de","11":"tag-deutschland","12":"tag-friedrichshain","13":"tag-gastroszene","14":"tag-germany","15":"tag-neukoelln","16":"tag-nuernberg","17":"tag-stadtteil","18":"tag-szeneviertel","19":"tag-tui"},"share_on_mastodon":{"url":"https:\/\/pubeurope.com\/@de\/115408111706047386","error":""},"_links":{"self":[{"href":"https:\/\/www.europesays.com\/de\/wp-json\/wp\/v2\/posts\/513961","targetHints":{"allow":["GET"]}}],"collection":[{"href":"https:\/\/www.europesays.com\/de\/wp-json\/wp\/v2\/posts"}],"about":[{"href":"https:\/\/www.europesays.com\/de\/wp-json\/wp\/v2\/types\/post"}],"author":[{"embeddable":true,"href":"https:\/\/www.europesays.com\/de\/wp-json\/wp\/v2\/users\/2"}],"replies":[{"embeddable":true,"href":"https:\/\/www.europesays.com\/de\/wp-json\/wp\/v2\/comments?post=513961"}],"version-history":[{"count":0,"href":"https:\/\/www.europesays.com\/de\/wp-json\/wp\/v2\/posts\/513961\/revisions"}],"wp:featuredmedia":[{"embeddable":true,"href":"https:\/\/www.europesays.com\/de\/wp-json\/wp\/v2\/media\/513962"}],"wp:attachment":[{"href":"https:\/\/www.europesays.com\/de\/wp-json\/wp\/v2\/media?parent=513961"}],"wp:term":[{"taxonomy":"category","embeddable":true,"href":"https:\/\/www.europesays.com\/de\/wp-json\/wp\/v2\/categories?post=513961"},{"taxonomy":"post_tag","embeddable":true,"href":"https:\/\/www.europesays.com\/de\/wp-json\/wp\/v2\/tags?post=513961"}],"curies":[{"name":"wp","href":"https:\/\/api.w.org\/{rel}","templated":true}]}}