{"id":514024,"date":"2025-10-20T19:53:16","date_gmt":"2025-10-20T19:53:16","guid":{"rendered":"https:\/\/www.europesays.com\/de\/514024\/"},"modified":"2025-10-20T19:53:16","modified_gmt":"2025-10-20T19:53:16","slug":"mit-ihm-hatte-laura-blond-eine-affaere","status":"publish","type":"post","link":"https:\/\/www.europesays.com\/de\/514024\/","title":{"rendered":"Mit ihm hatte Laura Blond eine Aff\u00e4re"},"content":{"rendered":"<p>Er war damals vergeben <\/p>\n<p>Mit diesem TV-Star hatte Laura Blond eine Aff\u00e4re<\/p>\n<p>20.10.2025 &#8211; 19:30 UhrLesedauer: 2 Min.<\/p>\n<p><a href=\"#focus-0\" class=\"transition-colors duration-200 block text-current relative\" data-sctrack=\"FocusGalleryImage.Reference\"><img fetchpriority=\"high\" data-testid=\"Opener.Image\" style=\"--lqipURL:url('https:\/\/images.t-online.de\/2025\/10\/81LURkSTxaTa\/899x373:2985x1679\/fit-in\/150x0\/filters:blur(25)\/laura-lettgen-alias-laura-blond-sie-ist-influencerin.jpg')\"   loading=\"eager\" src=\"https:\/\/www.europesays.com\/de\/wp-content\/uploads\/2025\/10\/laura-lettgen-alias-laura-blond-sie-ist-influencerin.jpg\" alt=\"Laura Lettgen alias Laura Blond: Sie ist Influencerin.\" title=\"Laura Lettgen alias Laura Blond: Sie ist Influencerin.\" width=\"2985\" height=\"1679\" class=\"bg-[url:var(--lqipURL)] bg-cover bg-center flex h-full w-full max-w-full\" decoding=\"async\"\/><img style=\"--width:32;--height:32\" loading=\"lazy\" src=\"https:\/\/www.t-online.de\/s\/paper\/_next\/static\/media\/zoom-in.f7dae02f.svg\" alt=\"Vergr\u00f6\u00dfern des Bildes\" title=\"Vergr\u00f6\u00dfern des Bildes\" class=\"block h-[calc(var(--height)_\/_16_*_1rem)] w-[calc(var(--width)_\/_16_*_1rem)] max-w-none absolute bottom-8 right-8 rounded-4 bg-snow p-8\" decoding=\"async\"\/><\/a><\/p>\n<p>Laura Lettgen alias Laura Blond: Sie ist Influencerin. (Quelle: IMAGO\/Gartner)<\/p>\n<p class=\"font-bold text-18 leading-17\">Laura Blond erfuhr viel Aufmerksamkeit, als sie sich \u00fcber ihr Verh\u00e4ltnis zu einem prominenten Mann \u00e4u\u00dferte. Jetzt steht die Influencerin gerade im Finale von &#8222;Promi Big Brother&#8220;.<\/p>\n<p class=\"text-18 leading-17\">Am heutigen Montag wird der Sieger oder die Siegerin von &#8222;Promi Big Brother&#8220; gek\u00fcrt. Auch Laura Lettgen alias Laura Blond hat Chancen. Die 30-J\u00e4hrige geh\u00f6rt zu den sechs Finalisten der Realityshow.<\/p>\n<p class=\"text-18 leading-17\">Zusammen mit Modedesigner <a class=\"transition-colors duration-200 cursor-pointer text-inherit no-underline text-salemsfur md:hover:text-magenta md:hover:border-magenta md:focus:text-magenta border-current border-b border-solid break-words\" href=\"https:\/\/www.t-online.de\/themen\/harald-gloeoeckler\/\" data-sctrack=\"BodyAnchor\" target=\"_blank\" rel=\"noopener\">Harald Gl\u00f6\u00f6ckler<\/a>, Schauspieler und S\u00e4nger <a class=\"transition-colors duration-200 cursor-pointer text-inherit no-underline text-salemsfur md:hover:text-magenta md:hover:border-magenta md:focus:text-magenta border-current border-b border-solid break-words\" href=\"https:\/\/www.t-online.de\/themen\/jimi-blue-ochsenknecht\/\" data-sctrack=\"BodyAnchor\" target=\"_blank\" rel=\"noopener\">Jimi Blue Ochsenknecht<\/a>, Ex-Bachelor <a class=\"transition-colors duration-200 cursor-pointer text-inherit no-underline text-salemsfur md:hover:text-magenta md:hover:border-magenta md:focus:text-magenta border-current border-b border-solid break-words\" href=\"https:\/\/www.t-online.de\/themen\/andrej-mangold\/\" data-sctrack=\"BodyAnchor\" target=\"_blank\" rel=\"noopener\">Andrej Mangold<\/a>, Comedian Erik Seidl alias Satansbratan und Schauspieler Michael Naseband k\u00e4mpft Laura Blond um den Sieg. Sie ist keine Unbekannte, machte schon in diversen Realityformaten, wie etwa &#8222;Love Island&#8220;, &#8222;Are You The One?&#8220; oder &#8222;Kampf der Realitystars&#8220; teil. Gro\u00dfe Bekanntheit erlangte sie allerdings auch durch eine ganz intime Enth\u00fcllung.<\/p>\n<p class=\"text-18 leading-17\">Im Fr\u00fchjahr 2025 verriet Laura Blond n\u00e4mlich, dass sie 2021 eine Aff\u00e4re mit Realitystar <a class=\"transition-colors duration-200 cursor-pointer text-inherit no-underline text-salemsfur md:hover:text-magenta md:hover:border-magenta md:focus:text-magenta border-current border-b border-solid break-words\" href=\"https:\/\/www.t-online.de\/themen\/serkan-yavuz\/\" data-sctrack=\"BodyAnchor\" target=\"_blank\" rel=\"noopener\">Serkan Yavuz<\/a> hatte. Der 32-J\u00e4hrige wurde 2019 durch seine Teilnahme bei &#8222;Die Bachelorette&#8220; bekannt. 2020 machte er, so wie Laura Blond jetzt, Bekanntschaft mit &#8222;Big Brother&#8220;, zog als Kandidat ins Haus ein. Er verlie\u00df die Staffel, die mitten in die Zeit der Corona-Pandemie fiel, allerdings freiwillig, weil er sich Sorgen um seine Familie und seine damalige Partnerin <a class=\"transition-colors duration-200 cursor-pointer text-inherit no-underline text-salemsfur md:hover:text-magenta md:hover:border-magenta md:focus:text-magenta border-current border-b border-solid break-words\" href=\"https:\/\/www.t-online.de\/themen\/carina-spack\/\" data-sctrack=\"BodyAnchor\" target=\"_blank\" rel=\"noopener\">Carina Spack<\/a> machte.<\/p>\n<p class=\"text-18 leading-17\">Als es zur Aff\u00e4re mit Laura Blond kam, war er mit Samira Yavuz (fr\u00fcher Klampfl) zusammen. Als sie gerade mit dem ersten gemeinsamen Kind schwanger war, betrog Serkan Yavuz sie mit der Influencerin. Das best\u00e4tigte sie selbst in einem TikTok-Video. Dabei erkl\u00e4rte die Reality-Darstellerin auch, dass sie nichts von der Beziehung von Serkan Yavuz gewusst habe. &#8222;Es war ein komplettes Wochenende, das wir miteinander verbracht haben. Es gab auch ein bisschen Rumgemache \u2013 mehr wollte ich aber nicht&#8220;, sagte sie auch in einem Interview mit RTL.<\/p>\n<p class=\"text-18 leading-17\">Sie sei dar\u00fcber hinaus auch nicht die einzige gewesen, mit der Serkan Yavuz seine Partnerin betrogen hatte. &#8222;Ich habe auch erst letztens erfahren, dass ich superschnell ausgetauscht wurde, nachdem ich sein Hotelzimmer verlassen hatte. Ich bin mir auch ganz sicher, dass ich nicht der einzige Fehltritt war&#8220;, so Laura Blond.<\/p>\n","protected":false},"excerpt":{"rendered":"Er war damals vergeben Mit diesem TV-Star hatte Laura Blond eine Aff\u00e4re 20.10.2025 &#8211; 19:30 UhrLesedauer: 2 Min.&hellip;\n","protected":false},"author":2,"featured_media":514025,"comment_status":"","ping_status":"","sticky":false,"template":"","format":"standard","meta":{"footnotes":""},"categories":[1773],"tags":[15017,14220,29,214,127819,30,106125,34322,11256,123915,13275,9808,114645,7416,114283,127820,471,1780,21022,215],"class_list":{"0":"post-514024","1":"post","2":"type-post","3":"status-publish","4":"format-standard","5":"has-post-thumbnail","7":"category-serien","8":"tag-aufmerksamkeit","9":"tag-big-brother","10":"tag-deutschland","11":"tag-entertainment","12":"tag-erik-seidl","13":"tag-germany","14":"tag-harald-gloeoeckler","15":"tag-jimi-blue-ochsenknecht","16":"tag-kampf-der-realitystars","17":"tag-laura-blond","18":"tag-love-island","19":"tag-mangold","20":"tag-michael-naseband","21":"tag-promi-big-brother","22":"tag-samira-yavuz","23":"tag-satansbratan","24":"tag-serien","25":"tag-series","26":"tag-serkan-yavuz","27":"tag-unterhaltung"},"share_on_mastodon":{"url":"https:\/\/pubeurope.com\/@de\/115408247579148450","error":""},"_links":{"self":[{"href":"https:\/\/www.europesays.com\/de\/wp-json\/wp\/v2\/posts\/514024","targetHints":{"allow":["GET"]}}],"collection":[{"href":"https:\/\/www.europesays.com\/de\/wp-json\/wp\/v2\/posts"}],"about":[{"href":"https:\/\/www.europesays.com\/de\/wp-json\/wp\/v2\/types\/post"}],"author":[{"embeddable":true,"href":"https:\/\/www.europesays.com\/de\/wp-json\/wp\/v2\/users\/2"}],"replies":[{"embeddable":true,"href":"https:\/\/www.europesays.com\/de\/wp-json\/wp\/v2\/comments?post=514024"}],"version-history":[{"count":0,"href":"https:\/\/www.europesays.com\/de\/wp-json\/wp\/v2\/posts\/514024\/revisions"}],"wp:featuredmedia":[{"embeddable":true,"href":"https:\/\/www.europesays.com\/de\/wp-json\/wp\/v2\/media\/514025"}],"wp:attachment":[{"href":"https:\/\/www.europesays.com\/de\/wp-json\/wp\/v2\/media?parent=514024"}],"wp:term":[{"taxonomy":"category","embeddable":true,"href":"https:\/\/www.europesays.com\/de\/wp-json\/wp\/v2\/categories?post=514024"},{"taxonomy":"post_tag","embeddable":true,"href":"https:\/\/www.europesays.com\/de\/wp-json\/wp\/v2\/tags?post=514024"}],"curies":[{"name":"wp","href":"https:\/\/api.w.org\/{rel}","templated":true}]}}