{"id":514319,"date":"2025-10-20T22:44:10","date_gmt":"2025-10-20T22:44:10","guid":{"rendered":"https:\/\/www.europesays.com\/de\/514319\/"},"modified":"2025-10-20T22:44:10","modified_gmt":"2025-10-20T22:44:10","slug":"nachts-auf-der-autobahn-drei-bewaffnete-ueberfallen-reisebus-in-bayern","status":"publish","type":"post","link":"https:\/\/www.europesays.com\/de\/514319\/","title":{"rendered":"Nachts auf der Autobahn: Drei Bewaffnete \u00fcberfallen Reisebus in Bayern"},"content":{"rendered":"<p>                    Nachts auf der Autobahn<br \/>\n                Drei Bewaffnete \u00fcberfallen Reisebus in Bayern<\/p>\n<p>\t\t\t\t              20.10.2025, 23:28 Uhr<\/p>\n<p><strong>Die Insassen eines Reisebusses in Niederbayern erleben einen n\u00e4chtlichen Albtraum: Sie werden von der A93 gewinkt und dann von drei Unbekannten ausgeraubt. Die T\u00e4ter fl\u00fcchten mit einem Kleinbus in Richtung M\u00fcnchen. <\/strong><\/p>\n<p>Drei bewaffnete T\u00e4ter sollen auf einer Autobahn in Niederbayern nachts einen Reisebus \u00fcberfallen haben. Mittels Signalen h\u00e4tten sie das Fahrzeug an der Ausfahrt Aiglsbach (Landkreis Kelheim) zum Abfahren von der A93 und zum Anhalten gebracht, teilte die Polizei mit. Dann t\u00e4uschten die T\u00e4ter vor, eine Kontrolle durchzuf\u00fchren. Sie sollen auch Schusswaffen dabeigehabt haben.<\/p>\n<p>Den Polizeiangaben zufolge haben sie Bargeld und Dokumente der Insassen verlangt. Nach der Tat sollen sie in einem Kleinbus in Richtung M\u00fcnchen geflohen sein. Die Fahndung blieb zun\u00e4chst erfolglos, wie es weiter hie\u00df. Die Businsassen blieben unverletzt. Weitere Details nannte die Polizei nicht. <\/p>\n<p>Der Vorfall passierte in der Nacht zum Montag, gegen 3.30 Uhr. Die Kriminalpolizei sucht Zeugen.<\/p>\n","protected":false},"excerpt":{"rendered":"Nachts auf der Autobahn Drei Bewaffnete \u00fcberfallen Reisebus in Bayern 20.10.2025, 23:28 Uhr Die Insassen eines Reisebusses in&hellip;\n","protected":false},"author":2,"featured_media":514320,"comment_status":"","ping_status":"","sticky":false,"template":"","format":"standard","meta":{"footnotes":""},"categories":[2],"tags":[772,29,30,13,984,14,15,5309,12,10,8,9,11],"class_list":{"0":"post-514319","1":"post","2":"type-post","3":"status-publish","4":"format-standard","5":"has-post-thumbnail","7":"category-deutschland","8":"tag-bayern","9":"tag-deutschland","10":"tag-germany","11":"tag-headlines","12":"tag-international","13":"tag-nachrichten","14":"tag-news","15":"tag-raubueberfall","16":"tag-schlagzeilen","17":"tag-top-news","18":"tag-top-meldungen","19":"tag-topmeldungen","20":"tag-topnews"},"share_on_mastodon":{"url":"https:\/\/pubeurope.com\/@de\/115408919901594570","error":""},"_links":{"self":[{"href":"https:\/\/www.europesays.com\/de\/wp-json\/wp\/v2\/posts\/514319","targetHints":{"allow":["GET"]}}],"collection":[{"href":"https:\/\/www.europesays.com\/de\/wp-json\/wp\/v2\/posts"}],"about":[{"href":"https:\/\/www.europesays.com\/de\/wp-json\/wp\/v2\/types\/post"}],"author":[{"embeddable":true,"href":"https:\/\/www.europesays.com\/de\/wp-json\/wp\/v2\/users\/2"}],"replies":[{"embeddable":true,"href":"https:\/\/www.europesays.com\/de\/wp-json\/wp\/v2\/comments?post=514319"}],"version-history":[{"count":0,"href":"https:\/\/www.europesays.com\/de\/wp-json\/wp\/v2\/posts\/514319\/revisions"}],"wp:featuredmedia":[{"embeddable":true,"href":"https:\/\/www.europesays.com\/de\/wp-json\/wp\/v2\/media\/514320"}],"wp:attachment":[{"href":"https:\/\/www.europesays.com\/de\/wp-json\/wp\/v2\/media?parent=514319"}],"wp:term":[{"taxonomy":"category","embeddable":true,"href":"https:\/\/www.europesays.com\/de\/wp-json\/wp\/v2\/categories?post=514319"},{"taxonomy":"post_tag","embeddable":true,"href":"https:\/\/www.europesays.com\/de\/wp-json\/wp\/v2\/tags?post=514319"}],"curies":[{"name":"wp","href":"https:\/\/api.w.org\/{rel}","templated":true}]}}