{"id":514321,"date":"2025-10-20T22:45:14","date_gmt":"2025-10-20T22:45:14","guid":{"rendered":"https:\/\/www.europesays.com\/de\/514321\/"},"modified":"2025-10-20T22:45:14","modified_gmt":"2025-10-20T22:45:14","slug":"stalking-prozess-in-england-dna-test-entlarvt-falsche-madeleine-mccann","status":"publish","type":"post","link":"https:\/\/www.europesays.com\/de\/514321\/","title":{"rendered":"Stalking-Prozess in England: DNA-Test entlarvt falsche Madeleine McCann"},"content":{"rendered":"<p>                    Stalking-Prozess in England<br \/>\n                DNA-Test entlarvt falsche Madeleine McCann<\/p>\n<p>\t\t\t\t              20.10.2025, 22:00 Uhr<\/p>\n<p>\t\t\t\t\t       Artikel anh\u00f6ren<\/p>\n<p>\t\t\t\t\t\t\tDiese Audioversion wurde k\u00fcnstlich generiert. <a href=\"https:\/\/www.n-tv.de\/23249898\" rel=\"nofollow noopener\" target=\"_blank\">Mehr Infos<\/a><\/p>\n<p><strong>Seit 2007 suchen Kate und Gerry McCann nach ihrer Tochter Madeleine. Eine Polin gibt vor, das vermisste M\u00e4dchen zu sein und bombardiert die Eltern jahrelang mit Nachrichten. Mittlerweile steht die Frau wegen Stalkings vor Gericht. Nun bringt ein DNA-Test Klarheit. <\/strong><\/p>\n<p>Die in einem Stalking-Prozess angeklagte Frau, die sich als das 2007 verschwundene britische M\u00e4dchen Madeleine &#8222;Maddie&#8220; McCann ausgab und dessen Familie jahrelang bel\u00e4stigte, ist einem DNA-Test zufolge nicht mit der Familie verwandt. Die 24-j\u00e4hrige Polin Julia W. &#8222;ist nicht das biologische Kind von Kate und Gerry McCann&#8220;, sagte die Forensikerin Rosalyn Hammond vor Gericht in der englischen Stadt Leicester.<\/p>\n<p>Kate und Gerry McCann wurden von W., die zusammen mit einer Mitangeklagten vor Gericht steht, von Juni 2022 bis Februar 2025 mit E-Mails, Kurznachrichten und Anrufen bombardiert. Einmal habe sie Kate McCann an einem einzigen Tag 60 Mal angerufen, erkl\u00e4rte die Staatsanwaltschaft. W. behauptete, Erinnerungen an Maddies Kindheit und ihr Verschwinden zu haben, und forderte immer wieder einen DNA-Test. Sie bestreitet die Stalking-Vorw\u00fcrfe.<\/p>\n<p>Nun habe eine Analyse von DNA-Proben W.s und Maddies &#8222;keinen Treffer&#8220; ergeben, erkl\u00e4rte Hammond. W. und Madeleine McCann k\u00f6nnen demnach nicht dieselbe Person sein. Eine Probe der mutma\u00dflichen Stalkerin war bei ihrer Festnahme in Bristol in diesem Jahr entnommen worden. Die Probe von Maddie stammte von einem Kissenbezug aus ihrem Schlafzimmer. Sie wurde kurz nach ihrem Verschwinden entnommen.<\/p>\n<p>Madeleine &#8222;Maddie&#8220; McCann war am 3. Mai 2007 kurz vor ihrem vierten Geburtstag aus der Ferienwohnung ihrer Familie in einer Ferienanlage in Praia da Luz in Portugal verschwunden, w\u00e4hrend ihre Eltern in einem wenige Meter entfernten Restaurant zu Abend a\u00dfen. Trotz internationaler Fahndung und zahlreicher Aufrufe ihrer Eltern fehlt von dem M\u00e4dchen bis heute jede Spur.<\/p>\n","protected":false},"excerpt":{"rendered":"Stalking-Prozess in England DNA-Test entlarvt falsche Madeleine McCann 20.10.2025, 22:00 Uhr Artikel anh\u00f6ren Diese Audioversion wurde k\u00fcnstlich generiert.&hellip;\n","protected":false},"author":2,"featured_media":514322,"comment_status":"","ping_status":"","sticky":false,"template":"","format":"standard","meta":{"footnotes":""},"categories":[5],"tags":[3058,112045,13,984,14,15,505,12,34266,10,8,9,11,22407],"class_list":{"0":"post-514321","1":"post","2":"type-post","3":"status-publish","4":"format-standard","5":"has-post-thumbnail","7":"category-nachrichten","8":"tag-england","9":"tag-fall-madeleine-mccann","10":"tag-headlines","11":"tag-international","12":"tag-nachrichten","13":"tag-news","14":"tag-prozesse","15":"tag-schlagzeilen","16":"tag-stalking","17":"tag-top-news","18":"tag-top-meldungen","19":"tag-topmeldungen","20":"tag-topnews","21":"tag-vermisste"},"share_on_mastodon":{"url":"https:\/\/pubeurope.com\/@de\/115408923777842479","error":""},"_links":{"self":[{"href":"https:\/\/www.europesays.com\/de\/wp-json\/wp\/v2\/posts\/514321","targetHints":{"allow":["GET"]}}],"collection":[{"href":"https:\/\/www.europesays.com\/de\/wp-json\/wp\/v2\/posts"}],"about":[{"href":"https:\/\/www.europesays.com\/de\/wp-json\/wp\/v2\/types\/post"}],"author":[{"embeddable":true,"href":"https:\/\/www.europesays.com\/de\/wp-json\/wp\/v2\/users\/2"}],"replies":[{"embeddable":true,"href":"https:\/\/www.europesays.com\/de\/wp-json\/wp\/v2\/comments?post=514321"}],"version-history":[{"count":0,"href":"https:\/\/www.europesays.com\/de\/wp-json\/wp\/v2\/posts\/514321\/revisions"}],"wp:featuredmedia":[{"embeddable":true,"href":"https:\/\/www.europesays.com\/de\/wp-json\/wp\/v2\/media\/514322"}],"wp:attachment":[{"href":"https:\/\/www.europesays.com\/de\/wp-json\/wp\/v2\/media?parent=514321"}],"wp:term":[{"taxonomy":"category","embeddable":true,"href":"https:\/\/www.europesays.com\/de\/wp-json\/wp\/v2\/categories?post=514321"},{"taxonomy":"post_tag","embeddable":true,"href":"https:\/\/www.europesays.com\/de\/wp-json\/wp\/v2\/tags?post=514321"}],"curies":[{"name":"wp","href":"https:\/\/api.w.org\/{rel}","templated":true}]}}