{"id":514354,"date":"2025-10-20T23:03:16","date_gmt":"2025-10-20T23:03:16","guid":{"rendered":"https:\/\/www.europesays.com\/de\/514354\/"},"modified":"2025-10-20T23:03:16","modified_gmt":"2025-10-20T23:03:16","slug":"so-schwer-ist-die-verletzung-von-stuermer-dildar-atmaca-vom-wuppertaler-sv","status":"publish","type":"post","link":"https:\/\/www.europesays.com\/de\/514354\/","title":{"rendered":"So schwer ist die Verletzung von St\u00fcrmer Dildar Atmaca vom Wuppertaler SV"},"content":{"rendered":"<p class=\"text_ohne_einzug richtext text-em-55 !leading-serif mx-6 desktop:mx-0\">Die Untersuchung des Oberschenkels von WSV-St\u00fcmer Dildar Atmaca hat am Montag einen Muskelfaserriss ergeben. Positiv: Es ist nicht die gleiche Stelle, an der der Fl\u00fcgelflitzer mit einem B\u00fcndelriss lange laboriert hatte. \u201eVielleicht ist der Riss dadurch entstanden, dass Kadi eine Schonhaltung hatte, um die urspr\u00fcngliche Stelle zu sch\u00fctzen\u201c, so Sportdirektor Gaetano Manno. Prognosen \u00fcber die L\u00e4nge der erneuten Ausfallzeit will Manno angesichts der Vorgeschichte nicht stellen, auch wenn ein normaler Faserriss nach drei Wochen verheilt sein k\u00f6nnte. \u201eWir werden ihn behutsam heranf\u00fchren, er ist f\u00fcr uns ein wichtiger Spieler.\u201c gh<\/p>\n","protected":false},"excerpt":{"rendered":"Die Untersuchung des Oberschenkels von WSV-St\u00fcmer Dildar Atmaca hat am Montag einen Muskelfaserriss ergeben. Positiv: Es ist nicht&hellip;\n","protected":false},"author":2,"featured_media":489691,"comment_status":"","ping_status":"","sticky":false,"template":"","format":"standard","meta":{"footnotes":""},"categories":[1840],"tags":[82898,3364,29,127901,54766,30,26476,1209,20469,17185,6227,4418],"class_list":{"0":"post-514354","1":"post","2":"type-post","3":"status-publish","4":"format-standard","5":"has-post-thumbnail","7":"category-wuppertal","8":"tag-atmaca","9":"tag-de","10":"tag-deutschland","11":"tag-faserriss","12":"tag-gaetano-manno","13":"tag-germany","14":"tag-muskelfaserriss","15":"tag-nordrhein-westfalen","16":"tag-riss","17":"tag-stelle","18":"tag-wsv","19":"tag-wuppertal"},"share_on_mastodon":{"url":"https:\/\/pubeurope.com\/@de\/115408994686218060","error":""},"_links":{"self":[{"href":"https:\/\/www.europesays.com\/de\/wp-json\/wp\/v2\/posts\/514354","targetHints":{"allow":["GET"]}}],"collection":[{"href":"https:\/\/www.europesays.com\/de\/wp-json\/wp\/v2\/posts"}],"about":[{"href":"https:\/\/www.europesays.com\/de\/wp-json\/wp\/v2\/types\/post"}],"author":[{"embeddable":true,"href":"https:\/\/www.europesays.com\/de\/wp-json\/wp\/v2\/users\/2"}],"replies":[{"embeddable":true,"href":"https:\/\/www.europesays.com\/de\/wp-json\/wp\/v2\/comments?post=514354"}],"version-history":[{"count":0,"href":"https:\/\/www.europesays.com\/de\/wp-json\/wp\/v2\/posts\/514354\/revisions"}],"wp:featuredmedia":[{"embeddable":true,"href":"https:\/\/www.europesays.com\/de\/wp-json\/wp\/v2\/media\/489691"}],"wp:attachment":[{"href":"https:\/\/www.europesays.com\/de\/wp-json\/wp\/v2\/media?parent=514354"}],"wp:term":[{"taxonomy":"category","embeddable":true,"href":"https:\/\/www.europesays.com\/de\/wp-json\/wp\/v2\/categories?post=514354"},{"taxonomy":"post_tag","embeddable":true,"href":"https:\/\/www.europesays.com\/de\/wp-json\/wp\/v2\/tags?post=514354"}],"curies":[{"name":"wp","href":"https:\/\/api.w.org\/{rel}","templated":true}]}}