{"id":514411,"date":"2025-10-20T23:46:13","date_gmt":"2025-10-20T23:46:13","guid":{"rendered":"https:\/\/www.europesays.com\/de\/514411\/"},"modified":"2025-10-20T23:46:13","modified_gmt":"2025-10-20T23:46:13","slug":"pfarrhaus-in-echterdingen-asbestalarm-im-einstigen-fachwerkidyll","status":"publish","type":"post","link":"https:\/\/www.europesays.com\/de\/514411\/","title":{"rendered":"Pfarrhaus in Echterdingen: Asbestalarm im einstigen Fachwerkidyll"},"content":{"rendered":"<p>Das evangelische Pfarrhaus in Echterdingen ist schwerer besch\u00e4digt als zun\u00e4chst angenommen. Wie lange die Sanierung dauern wird, kann derzeit niemand sagen.<\/p>\n<p>Das Haus muss dringend saniert werden. Und die Sch\u00e4den sind umfangreich: Das historische Pfarrhaus in der Echterdinger Ortsmitte ist eines der wenigen alten und ortsbildpr\u00e4genden Geb\u00e4ude in der Stadt. W\u00e4hrend der j\u00fcngsten Sitzung des Technischen Ausschusses stellten Mitarbeiter des Amts f\u00fcr Verm\u00f6gen und Bau das Projekt vor. <\/p>\n<p>\u201eWir haben das gleiche Ziel wie Sie, wir wollen, dass es sch\u00f6n wird\u201c, betonte die Amtsleiterin Corinna Bosch. Dass diese Klarstellung ausgesprochen werden musste, hat seinen Grund. Die von zahlreichen Passanten als unansehnlich empfundene Folienverpackung des Geb\u00e4udes st\u00f6\u00dft vielen Menschen im Ort bitter auf. <\/p>\n<p>Seit rund einem Jahr ist von der Fachwerkkulisse gegen\u00fcber der Kirche nicht mehr viel zu sehen. Die lange Dauer h\u00e4ngt mit den Sch\u00e4den zusammen, die immer wieder aufs Neue entdeckt wurden. \u201eIm Moment wird die Ma\u00dfnahme immer gr\u00f6\u00dfer\u201c, erkl\u00e4rte Bosch. Die Feuchtesch\u00e4den seien bis in die Konstruktion des Hauses vorgedrungen. Die genaue Schadenserhebung sei noch nicht zu Ende. Daher k\u00f6nne auch noch nicht mit Gewissheit gesagt werden, wann die eigentliche <a href=\"https:\/\/www.stuttgarter-nachrichten.de\/thema\/Sanierung\" title=\"Sanierung\" class=\"art_thema\" rel=\"nofollow noopener\" target=\"_blank\">Sanierung<\/a> begonnen werden kann. <\/p>\n<p>Die Sanierung soll gr\u00fcndlich sein <\/p>\n<p>Einen groben Zeitplan gibt es aber. Diesen erl\u00e4uterte Boschs Kollegin Nicole Weskamp (Abteilungsleiterin Hochbau). \u201eEs sind viele Sch\u00e4den zutage getreten, die uns vorher nicht bekannt waren\u201c, sagte auch sie. Unter anderem wurde ein asbesthaltiger Belag an den Fenstern gefunden. Der asbesthaltige Lack soll abgebeizt und nicht abgeschliffen werden. Weskamp hofft, bis zum Ende des Jahres die Schadensuntersuchung abschlie\u00dfen und 2026 in die Sanierungsplanung einsteigen zu k\u00f6nnen. <\/p>\n<p>\u00c4hnlich nebul\u00f6s wie der Zeitplan sind die Kosten. Man sei vor zwei bis drei Jahren einmal von Kosten in H\u00f6he von 1,9 Millionen Euro ausgegangen, erinnerte Weskamp. Inzwischen scheint aber klar zu sein, dass das nicht reichen wird. \u201eEs wird teurer\u201c, stellte sie klar. Wie viel teurer, das kann zum jetzigen Zeitpunkt noch nicht gesagt werden. <\/p>\n<p>  <img decoding=\"async\" loading=\"lazy\" src=\"https:\/\/www.europesays.com\/de\/wp-content\/uploads\/2025\/10\/media.media.65fb789b-dc41-4566-b5af-93aee4034eb3.original1024.media.jpeg\"\/>     Verh\u00fcllt in Christo-Manier: das evangelische Pfarrhaus in   <a href=\"https:\/\/www.stuttgarter-nachrichten.de\/thema\/Echterdingen\" title=\"Echterdingen\" class=\"art_thema\" rel=\"nofollow noopener\" target=\"_blank\">Echterdingen<\/a>    Foto: pib    <\/p>\n<p>Die Sanierung soll gr\u00fcndlich sein. \u201eWir wollen, dass es Bestand hat\u201c, sagte die Amtsleiterin Bosch. Wohin es f\u00fchrt, wenn Sch\u00e4den am Bau immer wieder nur geflickt werden, ist am jetzigen Geb\u00e4udezustand abzulesen. <\/p>\n<p>Das Ziel ist es, dass einmal wieder eine behagliche Pfarrerswohnung in dem Haus eingerichtet werden kann. \u201eWir wollen, dass sich der Pfarrer wohlf\u00fchlt\u201c, sagte Bosch. Daf\u00fcr ist unter anderem eine gute D\u00e4mmung n\u00f6tig. Eine Fachwerkfassade passt dazu aus Sicht der Experten nicht mehr. \u201eWasser ist der gr\u00f6\u00dfte Feind des Holzes\u201c, so die Amtsleiterin. Durch die H\u00f6lzer kommt Feuchtigkeit in die W\u00e4nde, was zu schweren Geb\u00e4udesch\u00e4den f\u00fchrt. Und historisch sei das freigelegte Fachwerk am Pfarrhaus auch nicht, so Bosch. Der Originalbau habe eine verputzte Fassade gehabt. Erst in den 60er-Jahren des vergangenen Jahrhunderts sei das Fachwerk freigelegt worden. Es ist nun geplant, das Geb\u00e4ude erneut zu verputzen und ihm einen Gelb- oder Ockerton zu verpassen. <\/p>\n<p> Umdenken bei freiliegendem Fachwerk  <\/p>\n<p>Neben einer besseren D\u00e4mmung und einer R\u00fcckbesinnung auf den originalen Bauzustand spricht der Schutz des Holzes f\u00fcr eine neue Putzschicht am Pfarrhaus. Das Holz sei eigentlich nie darauf ausgelegt gewesen, der Witterung ausgesetzt zu sein, erkl\u00e4rte Karsten Pre\u00dfler vom Landesamt f\u00fcr Denkmalpflege. Immer h\u00e4ufiger w\u00fcrden Fachwerkfassaden bereits seit den 1980er-Jahren wieder verputzt; \u201ees fand ein Umdenken statt.\u201c Das freiliegende Fachwerk sei ein Trend der Zeit nach dem Zweiten Weltkrieg bis in die 1970er-Jahre gewesen. Gleichzeitig erkannte der Experte an, dass Fachwerk heute als chic empfunden werde und ein Tourismusfaktor sei. St\u00e4dte wie Rothenburg ob der Tauber oder Esslingen d\u00fcrften sich wohl auch in Zukunft dank ihrem Fachwerk \u00fcber viele Besucher freuen. \u00c4hnlich sieht es der Experte beim alten Echterdinger Rathaus. \u201eDa k\u00e4men wir nicht auf die Idee, es zu verputzen.\u201c<\/p>\n<p> Ein Haus mit Geschichte <\/p>\n<p class=\"infobox\"> <strong>Besitzer<\/strong><br \/>Das evangelische Pfarrhaus in Echterdingen geh\u00f6rt dem Land Baden-W\u00fcrttemberg. F\u00fcr die Instandhaltung ist das Amt f\u00fcr Verm\u00f6gen und Bau mit Sitz in Ludwigsburg zust\u00e4ndig. Insgesamt hat das Amt an seinem Ludwigsburger Sitz 114 Mitarbeiter und ist f\u00fcr mehr als tausend Geb\u00e4ude in den Landkreisen rund um Stuttgart zust\u00e4ndig, darunter 104 denkmalgesch\u00fctzte Pfarrgeb\u00e4ude. Ob das Pfarrhaus einmal an das geplante Nahw\u00e4rmenetz in der Ortsmitte angeschlossen wird oder nicht ist noch nicht entschieden. Die M\u00f6glichkeit best\u00fcnde. <\/p>\n<p class=\"infobox\"> <strong>Geschichte<\/strong><br \/>Der barocke Bau wurde 1744 fertiggestellt. An der gleichen Stelle gab es zuvor bereits ein Geb\u00e4ude aus dem Jahr 1551. Von 1781 bis 1790 war das Pfarrhaus die Wirkungsst\u00e4tte des Theologen, Erfinders und Konstrukteurs Philipp Matth\u00e4us Hahn, der im Erdgeschoss seine Werkstatt hatte. pib <\/p>\n","protected":false},"excerpt":{"rendered":"Das evangelische Pfarrhaus in Echterdingen ist schwerer besch\u00e4digt als zun\u00e4chst angenommen. Wie lange die Sanierung dauern wird, kann&hellip;\n","protected":false},"author":2,"featured_media":514412,"comment_status":"","ping_status":"","sticky":false,"template":"","format":"standard","meta":{"footnotes":""},"categories":[1830],"tags":[15018,1634,3364,29,127905,9716,30,30938,4108,1441],"class_list":{"0":"post-514411","1":"post","2":"type-post","3":"status-publish","4":"format-standard","5":"has-post-thumbnail","7":"category-stuttgart","8":"tag-asbest","9":"tag-baden-wuerttemberg","10":"tag-de","11":"tag-deutschland","12":"tag-echterdingen","13":"tag-filderpost","14":"tag-germany","15":"tag-pfarrhaus","16":"tag-sanierung","17":"tag-stuttgart"},"share_on_mastodon":{"url":"https:\/\/pubeurope.com\/@de\/115409163853023051","error":""},"_links":{"self":[{"href":"https:\/\/www.europesays.com\/de\/wp-json\/wp\/v2\/posts\/514411","targetHints":{"allow":["GET"]}}],"collection":[{"href":"https:\/\/www.europesays.com\/de\/wp-json\/wp\/v2\/posts"}],"about":[{"href":"https:\/\/www.europesays.com\/de\/wp-json\/wp\/v2\/types\/post"}],"author":[{"embeddable":true,"href":"https:\/\/www.europesays.com\/de\/wp-json\/wp\/v2\/users\/2"}],"replies":[{"embeddable":true,"href":"https:\/\/www.europesays.com\/de\/wp-json\/wp\/v2\/comments?post=514411"}],"version-history":[{"count":0,"href":"https:\/\/www.europesays.com\/de\/wp-json\/wp\/v2\/posts\/514411\/revisions"}],"wp:featuredmedia":[{"embeddable":true,"href":"https:\/\/www.europesays.com\/de\/wp-json\/wp\/v2\/media\/514412"}],"wp:attachment":[{"href":"https:\/\/www.europesays.com\/de\/wp-json\/wp\/v2\/media?parent=514411"}],"wp:term":[{"taxonomy":"category","embeddable":true,"href":"https:\/\/www.europesays.com\/de\/wp-json\/wp\/v2\/categories?post=514411"},{"taxonomy":"post_tag","embeddable":true,"href":"https:\/\/www.europesays.com\/de\/wp-json\/wp\/v2\/tags?post=514411"}],"curies":[{"name":"wp","href":"https:\/\/api.w.org\/{rel}","templated":true}]}}