{"id":514988,"date":"2025-10-21T05:21:14","date_gmt":"2025-10-21T05:21:14","guid":{"rendered":"https:\/\/www.europesays.com\/de\/514988\/"},"modified":"2025-10-21T05:21:14","modified_gmt":"2025-10-21T05:21:14","slug":"handwerkskammer-praesident-radermacher-kritisiert-berufskolleg-in-porz","status":"publish","type":"post","link":"https:\/\/www.europesays.com\/de\/514988\/","title":{"rendered":"Handwerkskammer-Pr\u00e4sident Radermacher kritisiert Berufskolleg in Porz"},"content":{"rendered":"<p>Schule in der Kritik <\/p>\n<p>Handwerksboss nennt Zustand von Berufskolleg unzumutbar<\/p>\n<p>21.10.2025 &#8211; 06:05 UhrLesedauer: 1 Min.<\/p>\n<p><a href=\"#focus-0\" class=\"transition-colors duration-200 block text-current relative\" data-sctrack=\"FocusGalleryImage.Reference\"><img fetchpriority=\"high\" data-testid=\"Opener.Image\" style=\"--lqipURL:url('https:\/\/images.t-online.de\/2025\/10\/cAxwbdVJNM9h\/0x150:4000x2250\/fit-in\/150x0\/filters:blur(25)\/thomas-radermacher-archivbild-der-neue-praesident-der-handwerkskammer-zu-koeln-hat-den-baulichen-zustand-des-berufskollegs-10-in-porz-scharf-kritisiert.jpg')\"   loading=\"eager\" src=\"https:\/\/www.europesays.com\/de\/wp-content\/uploads\/2025\/10\/thomas-radermacher-archivbild-der-neue-praesident-der-handwerkskammer-zu-koeln-hat-den-baulichen-zus.jpeg\" alt=\"Thomas Radermacher (Archivbild): Der neue Pr\u00e4sident der Handwerkskammer zu K\u00f6ln hat den baulichen Zustand des Berufskollegs 10 in Porz scharf kritisiert.\" title=\"Thomas Radermacher (Archivbild): Der neue Pr\u00e4sident der Handwerkskammer zu K\u00f6ln hat den baulichen Zustand des Berufskollegs 10 in Porz scharf kritisiert.\" width=\"4000\" height=\"2250\" class=\"bg-[url:var(--lqipURL)] bg-cover bg-center flex h-full w-full max-w-full\" decoding=\"async\"\/><img style=\"--width:32;--height:32\" loading=\"lazy\" src=\"https:\/\/www.t-online.de\/s\/paper\/_next\/static\/media\/zoom-in.f7dae02f.svg\" alt=\"Vergr\u00f6\u00dfern des Bildes\" title=\"Vergr\u00f6\u00dfern des Bildes\" class=\"block h-[calc(var(--height)_\/_16_*_1rem)] w-[calc(var(--width)_\/_16_*_1rem)] max-w-none absolute bottom-8 right-8 rounded-4 bg-snow p-8\" decoding=\"async\"\/><\/a><\/p>\n<p>Thomas Radermacher (Archivbild): Der neue Pr\u00e4sident der Handwerkskammer zu K\u00f6ln hat den baulichen Zustand des Berufskollegs 10 in Porz scharf kritisiert. (Quelle: Ute Grabowsky\/photothek.net via www.imago-images.de\/imago-images-bilder)<\/p>\n<p class=\"font-bold text-18 leading-17\">Der neue Pr\u00e4sident der Handwerkskammer K\u00f6ln \u00fcbt deutliche Kritik am Berufskolleg 10 in Porz \u2013 und findet klare Worte zum Geb\u00e4udezustand.<\/p>\n<p class=\"text-18 leading-17\">Der neue Pr\u00e4sident der Handwerkskammer zu <a class=\"transition-colors duration-200 cursor-pointer text-inherit no-underline text-salemsfur md:hover:text-magenta md:hover:border-magenta md:focus:text-magenta border-current border-b border-solid break-words\" href=\"https:\/\/www.t-online.de\/region\/koeln\/\" data-sctrack=\"BodyAnchor\" target=\"_blank\" rel=\"noopener\">K\u00f6ln<\/a>, Thomas Radermacher, hat den baulichen Zustand des Berufskollegs 10 in Porz scharf kritisiert. &#8222;Ginge mein Kind dorthin, w\u00fcrde ich es da rausnehmen&#8220;, sagte der 64-J\u00e4hrige im Gespr\u00e4ch mit der &#8222;K\u00f6lnischen Rundschau&#8220;. Der Geb\u00e4udebestand der Schule sei &#8222;nicht zumutbar&#8220;.<\/p>\n<p class=\"text-18 leading-17\">Radermacher betonte zugleich ausdr\u00fccklich, dass Schulleitung und Kollegium des Berufskollegs &#8222;hervorragende Arbeit&#8220; leisteten. Seine Kritik richtet sich gegen die baulichen Verh\u00e4ltnisse der Einrichtung.<\/p>\n<p class=\"text-18 leading-17\">Die Situation der Berufskollegs in der Region beschrieb der Handwerkspr\u00e4sident als &#8222;sehr unterschiedlich&#8220;. W\u00e4hrend das Carl-Reuther-Berufskolleg in Hennef vor wenigen Jahren komplett saniert wurde, sehe es in K\u00f6ln &#8222;schlechter aus&#8220;.<\/p>\n<p class=\"text-18 leading-17\">Radermacher f\u00fchrt seit 1991 die familieneigene Schreinerei in <a class=\"transition-colors duration-200 cursor-pointer text-inherit no-underline text-salemsfur md:hover:text-magenta md:hover:border-magenta md:focus:text-magenta border-current border-b border-solid break-words\" href=\"https:\/\/www.t-online.de\/themen\/meckenheim\/\" data-sctrack=\"BodyAnchor\" target=\"_blank\" rel=\"noopener\">Meckenheim<\/a>. Die Vollversammlung hatte ihn im Mai einstimmig f\u00fcr f\u00fcnf Jahre an die Spitze der Handwerkskammer gew\u00e4hlt.<\/p>\n","protected":false},"excerpt":{"rendered":"Schule in der Kritik Handwerksboss nennt Zustand von Berufskolleg unzumutbar 21.10.2025 &#8211; 06:05 UhrLesedauer: 1 Min. Thomas Radermacher&hellip;\n","protected":false},"author":2,"featured_media":514989,"comment_status":"","ping_status":"","sticky":false,"template":"","format":"standard","meta":{"footnotes":""},"categories":[1828],"tags":[722,3176,36909,29,128007,30,16782,1460,1420,1209,966,48647],"class_list":{"0":"post-514988","1":"post","2":"type-post","3":"status-publish","4":"format-standard","5":"has-post-thumbnail","7":"category-koeln","8":"tag-722","9":"tag-3176","10":"tag-berufskolleg","11":"tag-deutschland","12":"tag-gebaeudezustand","13":"tag-germany","14":"tag-handwerkskammer","15":"tag-kind","16":"tag-koeln","17":"tag-nordrhein-westfalen","18":"tag-schule","19":"tag-thomas-radermacher"},"share_on_mastodon":{"url":"https:\/\/pubeurope.com\/@de\/115410481203575161","error":""},"_links":{"self":[{"href":"https:\/\/www.europesays.com\/de\/wp-json\/wp\/v2\/posts\/514988","targetHints":{"allow":["GET"]}}],"collection":[{"href":"https:\/\/www.europesays.com\/de\/wp-json\/wp\/v2\/posts"}],"about":[{"href":"https:\/\/www.europesays.com\/de\/wp-json\/wp\/v2\/types\/post"}],"author":[{"embeddable":true,"href":"https:\/\/www.europesays.com\/de\/wp-json\/wp\/v2\/users\/2"}],"replies":[{"embeddable":true,"href":"https:\/\/www.europesays.com\/de\/wp-json\/wp\/v2\/comments?post=514988"}],"version-history":[{"count":0,"href":"https:\/\/www.europesays.com\/de\/wp-json\/wp\/v2\/posts\/514988\/revisions"}],"wp:featuredmedia":[{"embeddable":true,"href":"https:\/\/www.europesays.com\/de\/wp-json\/wp\/v2\/media\/514989"}],"wp:attachment":[{"href":"https:\/\/www.europesays.com\/de\/wp-json\/wp\/v2\/media?parent=514988"}],"wp:term":[{"taxonomy":"category","embeddable":true,"href":"https:\/\/www.europesays.com\/de\/wp-json\/wp\/v2\/categories?post=514988"},{"taxonomy":"post_tag","embeddable":true,"href":"https:\/\/www.europesays.com\/de\/wp-json\/wp\/v2\/tags?post=514988"}],"curies":[{"name":"wp","href":"https:\/\/api.w.org\/{rel}","templated":true}]}}