{"id":515032,"date":"2025-10-21T05:45:14","date_gmt":"2025-10-21T05:45:14","guid":{"rendered":"https:\/\/www.europesays.com\/de\/515032\/"},"modified":"2025-10-21T05:45:14","modified_gmt":"2025-10-21T05:45:14","slug":"dort-soll-ballsaal-entstehen-trump-startet-abriss-am-ostfluegel-des-weissen-hauses","status":"publish","type":"post","link":"https:\/\/www.europesays.com\/de\/515032\/","title":{"rendered":"Dort soll Ballsaal entstehen: Trump startet Abriss am Ostfl\u00fcgel des Wei\u00dfen Hauses"},"content":{"rendered":"<p>                    Dort soll Ballsaal entstehen<br \/>\n                Trump startet Abriss am Ostfl\u00fcgel des Wei\u00dfen Hauses<\/p>\n<p>\t\t\t\t              21.10.2025, 04:35 Uhr<\/p>\n<p>\t\t\t\t\t       Artikel anh\u00f6ren<\/p>\n<p>\t\t\t\t\t\t\tDiese Audioversion wurde k\u00fcnstlich generiert. <a href=\"https:\/\/www.n-tv.de\/23249898\" target=\"_blank\" rel=\"noopener\">Mehr Infos<\/a><\/p>\n<p><strong>US-Pr\u00e4sident Trump agiert derzeit als Bauherr in eigener Sache: F\u00fcr einen prunkvollen Ballsaal l\u00e4sst er Teile des Wei\u00dfen Hauses abrei\u00dfen. Am Ostfl\u00fcgel sind bereits die Bagger aufgefahren. Dort liegen die B\u00fcros der First Lady. <\/strong><\/p>\n<p>F\u00fcr den Bau eines von US-Pr\u00e4sident Donald Trump geplanten Ballsaals haben am Ostfl\u00fcgel des Wei\u00dfen Hauses Abrissarbeiten begonnen. In einem Post auf seiner Plattform Truth Social best\u00e4tigte Trump den Baubeginn und schrieb, der Saal werde zwar vollst\u00e4ndig separat vom Wei\u00dfen Haus entstehen, der Ostfl\u00fcgel werde im Zuge dessen aber &#8222;modernisiert und sch\u00f6ner denn je&#8220;. Der Abriss betrifft nun Geb\u00e4udeteile, in denen traditionell die B\u00fcros der First Lady untergebracht sind.<\/p>\n<p>  <a href=\"https:\/\/www.europesays.com\/de\/wp-content\/uploads\/2025\/10\/AP25212641778849.jpg\">     <img decoding=\"async\" alt=\"Trumps Sprecherin zeigt Ende Juli Pl\u00e4ne des Ballsaals.\" src=\"https:\/\/www.europesays.com\/de\/wp-content\/uploads\/2025\/10\/AP25212641778849.jpg\" class=\"lazyload\"\/>  <\/a>  <\/p>\n<p class=\"article__aside__caption\">Trumps Sprecherin zeigt Ende Juli Pl\u00e4ne des Ballsaals.<\/p>\n<p class=\"article__aside__copy\">(Foto: AP)<\/p>\n<p> Der gut 8000 Quadratmeter gro\u00dfe Ballsaal soll f\u00fcr Empf\u00e4nge und Staatsbankette genutzt werden und Trump zufolge Platz f\u00fcr knapp 1000 G\u00e4ste bieten. Die Kosten wurden zuletzt auf rund 250 Millionen US-Dollar gesch\u00e4tzt (etwa 215 Millionen Euro). Der Bau soll Trump zufolge ausschlie\u00dflich \u00fcber Spenden finanziert werden &#8211; durch &#8222;gro\u00dfz\u00fcgige Patrioten, gro\u00dfartige amerikanische Unternehmen und mich selbst&#8220;, so der Pr\u00e4sident. <\/p>\n<p>Trump hatte in der vergangenen Woche ein prunkvolles Abendessen ausgerichtet, um den Spendern des Ballsaals zu danken. Unter den G\u00e4sten waren Vertreter von US-Technologieunternehmen wie Amazon, Apple, Meta, Google, Microsoft und Palantir sowie des US-R\u00fcstungskonzerns Lockhheed Martin, wie US-Medien berichteten.<\/p>\n<p>Kritik am Abriss: Trump widerspricht fr\u00fcheren Aussagen<\/p>\n<p>Nach Angaben des Wei\u00dfen Hauses soll der Ballsaal den neoklassizistischen Stil des Pr\u00e4sidentensitzes beibehalten. Entw\u00fcrfe zeigen einen Festsaal mit vergoldeten korinthischen S\u00e4ulen, Kristalll\u00fcstern und einem schwarz-wei\u00df karierten Marmorboden.<\/p>\n<p>Trump sagte, er erf\u00fclle mit dem Bau einen langgehegten Wunsch vieler Pr\u00e4sidenten vor ihm: &#8222;Sie wollten seit 150 Jahren einen Ballsaal, und ich gebe dieser wunderbaren St\u00e4tte diese Ehre&#8220;. Kritiker des Projekts werfen Trump hingegen Geltungssucht vor. Mitunter wird auch kritisiert, dass Trumps massiver Anbau einen gro\u00dfen Eingriff in das historische Ensemble der Geb\u00e4ude auf dem Gel\u00e4nde des Wei\u00dfen Hauses darstellt.<\/p>\n<p>Das Projekt ist Teil einer Reihe von Umbauten, mit denen Trump die Regierungszentrale nach seinem Geschmack umgestaltet &#8211; darunter gro\u00dfe Flaggenmasten, ein neu gepflasterter Rosengarten und goldfarbene Dekorationen im Oval Office. Die Arbeiten am Ballsaal-Projekt sollen vor dem Ende der zweiten Amtszeit Trumps abgeschlossen sein, die bis Januar 2029 l\u00e4uft.<\/p>\n","protected":false},"excerpt":{"rendered":"Dort soll Ballsaal entstehen Trump startet Abriss am Ostfl\u00fcgel des Wei\u00dfen Hauses 21.10.2025, 04:35 Uhr Artikel anh\u00f6ren Diese&hellip;\n","protected":false},"author":2,"featured_media":515033,"comment_status":"","ping_status":"","sticky":false,"template":"","format":"standard","meta":{"footnotes":""},"categories":[5],"tags":[2250,106,13,14,15,16,12,6857,10,8,9,11],"class_list":{"0":"post-515032","1":"post","2":"type-post","3":"status-publish","4":"format-standard","5":"has-post-thumbnail","7":"category-nachrichten","8":"tag-architektur","9":"tag-donald-trump","10":"tag-headlines","11":"tag-nachrichten","12":"tag-news","13":"tag-politik","14":"tag-schlagzeilen","15":"tag-spenden","16":"tag-top-news","17":"tag-top-meldungen","18":"tag-topmeldungen","19":"tag-topnews"},"share_on_mastodon":{"url":"https:\/\/pubeurope.com\/@de\/115410575408667774","error":""},"_links":{"self":[{"href":"https:\/\/www.europesays.com\/de\/wp-json\/wp\/v2\/posts\/515032","targetHints":{"allow":["GET"]}}],"collection":[{"href":"https:\/\/www.europesays.com\/de\/wp-json\/wp\/v2\/posts"}],"about":[{"href":"https:\/\/www.europesays.com\/de\/wp-json\/wp\/v2\/types\/post"}],"author":[{"embeddable":true,"href":"https:\/\/www.europesays.com\/de\/wp-json\/wp\/v2\/users\/2"}],"replies":[{"embeddable":true,"href":"https:\/\/www.europesays.com\/de\/wp-json\/wp\/v2\/comments?post=515032"}],"version-history":[{"count":0,"href":"https:\/\/www.europesays.com\/de\/wp-json\/wp\/v2\/posts\/515032\/revisions"}],"wp:featuredmedia":[{"embeddable":true,"href":"https:\/\/www.europesays.com\/de\/wp-json\/wp\/v2\/media\/515033"}],"wp:attachment":[{"href":"https:\/\/www.europesays.com\/de\/wp-json\/wp\/v2\/media?parent=515032"}],"wp:term":[{"taxonomy":"category","embeddable":true,"href":"https:\/\/www.europesays.com\/de\/wp-json\/wp\/v2\/categories?post=515032"},{"taxonomy":"post_tag","embeddable":true,"href":"https:\/\/www.europesays.com\/de\/wp-json\/wp\/v2\/tags?post=515032"}],"curies":[{"name":"wp","href":"https:\/\/api.w.org\/{rel}","templated":true}]}}