{"id":515034,"date":"2025-10-21T05:46:12","date_gmt":"2025-10-21T05:46:12","guid":{"rendered":"https:\/\/www.europesays.com\/de\/515034\/"},"modified":"2025-10-21T05:46:12","modified_gmt":"2025-10-21T05:46:12","slug":"lieferschwierigkeiten-verzoegern-led-umruestung-in-bgl-halle","status":"publish","type":"post","link":"https:\/\/www.europesays.com\/de\/515034\/","title":{"rendered":"Lieferschwierigkeiten verz\u00f6gern LED-Umr\u00fcstung in BGL-Halle"},"content":{"rendered":"<ol class=\"id-DonaldBreadcrumb lp_west_breadcrumb id-DonaldBreadcrumb--default\" data-k5a-pos=\"west_breadcrumb\">\n<li class=\"id-Breadcrumb-item\"><a href=\"https:\/\/www.come-on.de\/\" class=\"id-Breadcrumb-link\" data-id-ec=\"{\" shn=\"\" textlink=\"\" data-k5a-pos=\"1_comeOnDe\" target=\"_blank\" rel=\"noopener\">come-on.de<\/a><\/li>\n<li class=\"id-Breadcrumb-item\"><a href=\"https:\/\/www.come-on.de\/luedenscheid\/\" class=\"id-Breadcrumb-link\" data-id-ec=\"{\" shn=\"\" textlink=\"\" data-k5a-pos=\"2_luedenscheid\" target=\"_blank\" rel=\"noopener\">L\u00fcdenscheid<\/a><\/li>\n<\/ol>\n<p class=\"id-Story-timestamp id-Story-timestamp--default\">Stand: 21.10.2025, 07:20 Uhr<\/p>\n<p class=\"id-Story-authors id-Story-authors--default\">Von: <a class=\"id-Story-authors-link lp_west_author\" href=\"https:\/\/www.come-on.de\/autor\/thomas-machatzke-8q05lr4ob.html\" title=\"Zur Autorenseite von Thomas Machatzke\" data-id-ec=\"{\" shn=\"\" author-link=\"\" machatzke=\"\" data-k5a-pos=\"west_author\" target=\"_blank\" rel=\"noopener\">Thomas Machatzke<\/a><\/p>\n<p class=\"id-Story-interactionBar id-Story-interactionBar--default\">DruckenTeilen<\/p>\n<p><img decoding=\"async\" class=\"id-RatioPlaceholder-element wv_story_el_image\" src=\"https:\/\/www.europesays.com\/de\/wp-content\/uploads\/2025\/10\/40146249-156-neue-led-leuchten-werden-in-der-bgl-turnhalle-installiert-237a.jpg\" loading=\"eager\" fetchpriority=\"high\"   height=\"792\" width=\"1408\" alt=\"156 neue LED-Leuchten werden in der BGL-Turnhalle installiert. \"\/>156 neue LED-Leuchten werden in der BGL-Sporthalle insgesamt installiert.  \u00a9\u00a0ZGW<\/p>\n<p class=\"id-StoryElement-leadText\">In der Sporthalle des Bergstadt-Gymnasiums L\u00fcdenscheid verz\u00f6gert sich die Installation der neuen LED-Beleuchtung wegen Lieferengp\u00e4ssen.<\/p>\n<p class=\"id-StoryElement-paragraph\">L\u00fcdenscheid \u2013 Schon vor dem ersten Wochenende der Herbstferien war in der BGL-Halle das erste Ger\u00fcst aufgebaut worden. Das Bestreben, den Austausch der Leuchten in der Sporthalle in den Ferien \u00fcber die B\u00fchne zu bringen, war da. Aber: Es gibt Lieferschwierigkeiten. <a href=\"https:\/\/www.come-on.de\/luedenscheid\/bgl-sporthalle-neues-licht-soll-in-den-herbstferien-installiert-werden-93974125.html\" class=\"id-import-Link\" data-id-ec=\"{&quot;sht&quot;:&quot;Container&quot;,&quot;shn&quot;:&quot;Story&quot;,&quot;p&quot;:{&quot;containerType&quot;:&quot;Paragraph&quot;,&quot;displayType&quot;:&quot;Paragraph InlineLink&quot;,&quot;type&quot;:&quot;INLINE_LINK&quot;,&quot;value&quot;:&quot;Bis zum Ende der Herbstferien wird das komplette Licht in der Halle noch nicht auf LED umgestellt sein.&quot;,&quot;variant&quot;:&quot;standardLink&quot;,&quot;sponsored&quot;:false,&quot;linkHref&quot;:&quot;https:\/\/www.come-on.de\/luedenscheid\/bgl-sporthalle-neues-licht-soll-in-den-herbstferien-installiert-werden-93974125.html&quot;,&quot;storyElementPosition&quot;:8,&quot;storyElementCount&quot;:15}}\" target=\"_blank\" rel=\"noopener\">Bis zum Ende der Herbstferien wird das komplette Licht in der Halle noch nicht auf LED umgestellt sein.<\/a> Die Handballer und Skaterhockey-Cracks werden sich noch ein wenig in Geduld \u00fcben m\u00fcssen. Der Schul- und Sportbetrieb ist indes nicht beeintr\u00e4chtigt, er soll am ersten Montag nach den Herbstferien (27. Oktober) wieder aufgenommen werden k\u00f6nnen.<\/p>\n<p class=\"id-StoryElement-paragraph\">\u201eDie Sporthalle des Bergstadt-Gymnasiums L\u00fcdenscheid erstrahlt bald in einem neuen Licht: Die alte Beleuchtung wird gegen moderne LED-Leuchten ausgetauscht\u201c, k\u00fcndigt derweil die Stadtverwaltung an. \u201eKostenpunkt der Umstellung auf LED: rund 80\u2009000 Euro, die sich dank Energieeffizienz aber innerhalb von etwa zehn Jahren amortisieren sollen.\u201c Der Austausch der kompletten Beleuchtung sei aufwendig: \u201eIn gro\u00dfer H\u00f6he m\u00fcssen die alten Leuchtmittel entfernt und insgesamt 156 neue LED-Leuchten angebracht werden\u201c, teilt die Verwaltung mit. \u201eDie sollen nicht nur f\u00fcr deutlich bessere Lichtverh\u00e4ltnisse in L\u00fcdenscheids gr\u00f6\u00dfter Halle sorgen, sondern auch \u2013 Stichwort Energieeffizienz \u2013 den Stromverbrauch deutlich reduzieren. Etwa 8000 Euro lassen sich damit nach Angaben der Zentrale Geb\u00e4udewirtschaft der Stadt L\u00fcdenscheid pro Jahr einsparen.\u201c<\/p>\n<p>\u201ePr\u00e4senzmelder\u201c f\u00fcr optimale Steuerung<\/p>\n<p class=\"id-StoryElement-paragraph\">Dabei sollen auch \u201ePr\u00e4senzmelder\u201c, die das Licht tageslicht- und bewegungsabh\u00e4ngig schalten beziehungsweise d\u00e4mmen helfen. In den Gesamtkosten von 80\u2009000 Euro enthalten ist auch der Austausch der Steuerung und Elektroverteilung f\u00fcr die Beleuchtung. Insgesamt 88 LED-Leuchten sollen nach Auskunft der ZGW bis zum Ende der Herbstferien installiert sein. Damit fehlen noch 68, weil die erst versp\u00e4tet angeliefert werden. Die bereits vorhandenen LEDs aber w\u00fcrden so angebracht, dass f\u00fcr eine \u201eausreichende Beleuchtung\u201c gesorgt sei. <\/p>\n<p class=\"id-StoryElement-paragraph\">Das ist auch zwingend notwendig, denn direkt am ersten Wochenende mit dem neuen Licht findet mit dem Play-off-Heimspiel der Highlander in der 2. Bundesliga im Inline-Skaterhockey ein absolutes sportliches Highlight in der BGL-Halle statt. Die fehlenden Leuchten sollen nach R\u00fccksprache mit dem Gymnasium in der 45. Kalenderwoche angebracht werden. Dann ist die Turnhalle zumindest an zwei Tagen komplett frei.<\/p>\n","protected":false},"excerpt":{"rendered":"come-on.de L\u00fcdenscheid Stand: 21.10.2025, 07:20 Uhr Von: Thomas Machatzke DruckenTeilen 156 neue LED-Leuchten werden in der BGL-Sporthalle insgesamt&hellip;\n","protected":false},"author":2,"featured_media":515035,"comment_status":"","ping_status":"","sticky":false,"template":"","format":"standard","meta":{"footnotes":""},"categories":[1860],"tags":[3364,29,548,663,3934,30,4062,17332,13,14,15,17331,860,12],"class_list":{"0":"post-515034","1":"post","2":"type-post","3":"status-publish","4":"format-standard","5":"has-post-thumbnail","7":"category-halle-saale","8":"tag-de","9":"tag-deutschland","10":"tag-eu","11":"tag-europa","12":"tag-europe","13":"tag-germany","14":"tag-halle","15":"tag-halle-saale","16":"tag-headlines","17":"tag-nachrichten","18":"tag-news","19":"tag-saale","20":"tag-sachsen-anhalt","21":"tag-schlagzeilen"},"share_on_mastodon":{"url":"https:\/\/pubeurope.com\/@de\/115410579288890018","error":""},"_links":{"self":[{"href":"https:\/\/www.europesays.com\/de\/wp-json\/wp\/v2\/posts\/515034","targetHints":{"allow":["GET"]}}],"collection":[{"href":"https:\/\/www.europesays.com\/de\/wp-json\/wp\/v2\/posts"}],"about":[{"href":"https:\/\/www.europesays.com\/de\/wp-json\/wp\/v2\/types\/post"}],"author":[{"embeddable":true,"href":"https:\/\/www.europesays.com\/de\/wp-json\/wp\/v2\/users\/2"}],"replies":[{"embeddable":true,"href":"https:\/\/www.europesays.com\/de\/wp-json\/wp\/v2\/comments?post=515034"}],"version-history":[{"count":0,"href":"https:\/\/www.europesays.com\/de\/wp-json\/wp\/v2\/posts\/515034\/revisions"}],"wp:featuredmedia":[{"embeddable":true,"href":"https:\/\/www.europesays.com\/de\/wp-json\/wp\/v2\/media\/515035"}],"wp:attachment":[{"href":"https:\/\/www.europesays.com\/de\/wp-json\/wp\/v2\/media?parent=515034"}],"wp:term":[{"taxonomy":"category","embeddable":true,"href":"https:\/\/www.europesays.com\/de\/wp-json\/wp\/v2\/categories?post=515034"},{"taxonomy":"post_tag","embeddable":true,"href":"https:\/\/www.europesays.com\/de\/wp-json\/wp\/v2\/tags?post=515034"}],"curies":[{"name":"wp","href":"https:\/\/api.w.org\/{rel}","templated":true}]}}