{"id":515036,"date":"2025-10-21T05:47:23","date_gmt":"2025-10-21T05:47:23","guid":{"rendered":"https:\/\/www.europesays.com\/de\/515036\/"},"modified":"2025-10-21T05:47:23","modified_gmt":"2025-10-21T05:47:23","slug":"asphaltarbeiten-am-markusplatz-in-stolberg-erfolgreich-abgeschlossen","status":"publish","type":"post","link":"https:\/\/www.europesays.com\/de\/515036\/","title":{"rendered":"Asphaltarbeiten am Markusplatz in Stolberg erfolgreich abgeschlossen"},"content":{"rendered":"<p class=\"Paragraph_paragraph__lerxh Paragraph_paragraph--default-lg-default__J4S_J articleParagraph\">Gute Nachrichten f\u00fcr alle Verkehrsteilnehmenden: Die Asphaltarbeiten rund um den Markusplatz konnten am Wochenende erfolgreich abgeschlossen werden, wie die Stadt am Montagmorgen mitteilt. Auf einer Fl\u00e4che von rund 2500 Quadratmetern wurden in der Kurt-Schumacher-Stra\u00dfe, der Stra\u00dfe Markusplatz sowie der Gressenicher Stra\u00dfe neue Asphaltdeckschichten aufgebracht.<\/p>\n<p class=\"Paragraph_paragraph__lerxh Paragraph_paragraph--default-lg-default__J4S_J articleParagraph\">Nach den Markierungsarbeiten am Sonntag konnte der Bereich schon am Montag wieder f\u00fcr den Berufsverkehr ge\u00f6ffnet werden. Ab Montag begannen dann die Asphaltarbeiten in der Krewinkeler Stra\u00dfe.<\/p>\n<p class=\"Paragraph_paragraph__lerxh Paragraph_paragraph--default-lg-default__J4S_J articleParagraph\">Damit liegen die Arbeiten weiterhin voll im Zeitplan, wie die Stadt weiter mitteilt. In den n\u00e4chsten Wochen geht es mit den Bereichen \u201eMalkasten\u201c und dem Markusplatz selbst weiter. Anschlie\u00dfend steht die Umgestaltung der Dechant-Brock-Stra\u00dfe auf dem Programm. Der geplante Fertigstellungstermin Ende April 2026 bleibt nach aktuellem Stand realistisch.<\/p>\n<p><a href=\"https:\/\/www.aachener-zeitung.de\/lokales\/region-aachen\/stolberg\/erwachsene-erschweren-sicherheit-auf-dem-schulweg\/96187407.html\" class=\"RelatedTeaser_related-teaser__8O980 RelatedTeaser_related-teaser--image__SKCSe read-more_withImage__1YJa_\" data-article-id=\"96187407\" rel=\"nofollow noopener\" target=\"_blank\"><\/p>\n<p>Lesen Sie auch:Erwachsene erschweren Sicherheit auf dem Schulweg<\/p>\n<p><\/a><\/p>\n","protected":false},"excerpt":{"rendered":"Gute Nachrichten f\u00fcr alle Verkehrsteilnehmenden: Die Asphaltarbeiten rund um den Markusplatz konnten am Wochenende erfolgreich abgeschlossen werden, wie&hellip;\n","protected":false},"author":2,"featured_media":515037,"comment_status":"","ping_status":"","sticky":false,"template":"","format":"standard","meta":{"footnotes":""},"categories":[1853],"tags":[1424,3364,29,548,663,3934,30,13,14,15,1209,12],"class_list":{"0":"post-515036","1":"post","2":"type-post","3":"status-publish","4":"format-standard","5":"has-post-thumbnail","7":"category-aachen","8":"tag-aachen","9":"tag-de","10":"tag-deutschland","11":"tag-eu","12":"tag-europa","13":"tag-europe","14":"tag-germany","15":"tag-headlines","16":"tag-nachrichten","17":"tag-news","18":"tag-nordrhein-westfalen","19":"tag-schlagzeilen"},"share_on_mastodon":{"url":"https:\/\/pubeurope.com\/@de\/115410583249910636","error":""},"_links":{"self":[{"href":"https:\/\/www.europesays.com\/de\/wp-json\/wp\/v2\/posts\/515036","targetHints":{"allow":["GET"]}}],"collection":[{"href":"https:\/\/www.europesays.com\/de\/wp-json\/wp\/v2\/posts"}],"about":[{"href":"https:\/\/www.europesays.com\/de\/wp-json\/wp\/v2\/types\/post"}],"author":[{"embeddable":true,"href":"https:\/\/www.europesays.com\/de\/wp-json\/wp\/v2\/users\/2"}],"replies":[{"embeddable":true,"href":"https:\/\/www.europesays.com\/de\/wp-json\/wp\/v2\/comments?post=515036"}],"version-history":[{"count":0,"href":"https:\/\/www.europesays.com\/de\/wp-json\/wp\/v2\/posts\/515036\/revisions"}],"wp:featuredmedia":[{"embeddable":true,"href":"https:\/\/www.europesays.com\/de\/wp-json\/wp\/v2\/media\/515037"}],"wp:attachment":[{"href":"https:\/\/www.europesays.com\/de\/wp-json\/wp\/v2\/media?parent=515036"}],"wp:term":[{"taxonomy":"category","embeddable":true,"href":"https:\/\/www.europesays.com\/de\/wp-json\/wp\/v2\/categories?post=515036"},{"taxonomy":"post_tag","embeddable":true,"href":"https:\/\/www.europesays.com\/de\/wp-json\/wp\/v2\/tags?post=515036"}],"curies":[{"name":"wp","href":"https:\/\/api.w.org\/{rel}","templated":true}]}}