{"id":515038,"date":"2025-10-21T05:48:13","date_gmt":"2025-10-21T05:48:13","guid":{"rendered":"https:\/\/www.europesays.com\/de\/515038\/"},"modified":"2025-10-21T05:48:13","modified_gmt":"2025-10-21T05:48:13","slug":"hza-ki-nachpruefung-des-zolls-in-hotelbetrieb-im-kreis-rendsburg-eckernfoerde","status":"publish","type":"post","link":"https:\/\/www.europesays.com\/de\/515038\/","title":{"rendered":"HZA-KI: Nachpr\u00fcfung des Zolls in Hotelbetrieb im Kreis Rendsburg-Eckernf\u00f6rde &#8211; &#8230;"},"content":{"rendered":"<p class=\"date\">21.10.2025 \u2013 07:30<\/p>\n<p class=\"customer\">\n                        <a class=\"story-customer\" title=\"weiter zum newsroom von Hauptzollamt Kiel\" href=\"https:\/\/www.presseportal.de\/blaulicht\/nr\/121233\" rel=\"nofollow noopener\" target=\"_blank\">Hauptzollamt Kiel<\/a>\n                    <\/p>\n<p><a class=\"glightbox event-trigger\" href=\"https:\/\/cache.pressmailing.net\/thumbnail\/story_hires\/e9acf1cb-c413-40d8-ab84-e984dfa519d7\/Arm_Strickjacke.jpg.jpg\" data-description=\"Symbolbild des Zolls zur PM vom 21.10.2025. Quelle: HZA Kiel\" data-category=\"medialightbox\" data-action=\"click\" data-label=\"single\" data-value=\"68f71a5b270000fd2cc3b3de\" rel=\"nofollow noopener\" target=\"_blank\"><img decoding=\"async\" height=\"540\" with=\"720\" src=\"https:\/\/www.europesays.com\/de\/wp-content\/uploads\/2025\/10\/hza-ki-nachpr-fung-des-zolls-in-hotelbetrieb-im-kreis-rendsburg-eckernf-rde-wieder-zahlreiche-verst-.jpeg\"   alt=\"HZA-KI: Nachpr\u00fcfung des Zolls in Hotelbetrieb im Kreis Rendsburg-Eckernf\u00f6rde - wieder zahlreiche Verst\u00f6\u00dfe festgestellt\" class=\"single\"\/><\/a><\/p>\n<p><a data-category=\"citylink-story-view\" data-action=\"click\" data-label=\"Citylink in Meldungsansicht\" class=\"story-city event-trigger\" href=\"https:\/\/www.presseportal.de\/regional\/Kiel%2C%20Rendsburg-Eckernf%F6rde\" title=\"News aus Kiel, Rendsburg-Eckernf\u00f6rde \" rel=\"nofollow noopener\" target=\"_blank\">Kiel, Rendsburg-Eckernf\u00f6rde<\/a> (ots)<\/p>\n<p>Die Finanzkontrolle Schwarzarbeit des Hauptzollamts Kiel hat am 17. Oktober 2025 ein Hotel im Kreis Rendsburg-Eckernf\u00f6rde abermals \u00fcberpr\u00fcft.<\/p>\n<p>Bereits im Juli dieses Jahres hatten die Z\u00f6llnerinnen und Z\u00f6llner dort erhebliche Verst\u00f6\u00dfe festgestellt (siehe Pressemitteilung des HZA Kiel vom 14. August 2025).<\/p>\n<p>Die Vielzahl dieser im Juli festgestellten Verst\u00f6\u00dfe war der Anlass f\u00fcr die jetzige Nachpr\u00fcfung, bei der 24 Einsatzkr\u00e4fte der Kieler Finanzkontrolle Schwarzarbeit im Einsatz waren.<\/p>\n<p>Im Fokus der Kontrolle stand wieder das Reinigungspersonal eines Subunternehmens, das im Auftrag des Hotels t\u00e4tig war.<\/p>\n<p>Insgesamt wurden 19 Besch\u00e4ftigte des Nachunternehmens \u00fcberpr\u00fcft.<br \/>\nDabei stellten die Z\u00f6llnerinnen und Z\u00f6llner mehrere schwerwiegende Verst\u00f6\u00dfe fest:<\/p>\n<p>Drei Personen &#8211; irakischer, syrischer und pal\u00e4stinensischer Staatsangeh\u00f6rigkeit &#8211; hielten sich unerlaubt im Bundesgebiet auf.<\/p>\n<p>Eine weitere Person, ein syrischer Staatsangeh\u00f6riger, verstie\u00df gegen Auflagen nach dem Asylgesetz.<\/p>\n<p>Sechs Arbeitnehmende verf\u00fcgten nicht \u00fcber die erforderliche Arbeitsgenehmigung, und bei 18 Personen besteht der Verdacht auf Meldeverst\u00f6\u00dfe zur Sozialversicherung.<\/p>\n<p>&#8222;Wer glaubt, nach einer Zollpr\u00fcfung einfach weitermachen zu k\u00f6nnen wie zuvor, irrt gewaltig. Die Nachpr\u00fcfung hat gezeigt, dass wiederholte Kontrollen beim selben Betrieb oft erst das ganze Ausma\u00df an Verst\u00f6\u00dfen ans Licht bringen&#8220;, so Gabriele Oder, Sprecherin des Hauptzollamts Kiel.<\/p>\n<p>Vor Ort wurden entsprechende Ermittlungsverfahren gegen den Verantwortlichen des Nachunternehmens sowie gegen zehn der angetroffenen Arbeitnehmenden eingeleitet.<\/p>\n<p>&#8222;Ob und in welchem Umfang der Hotelbetrieb von den neuerlichen Verst\u00f6\u00dfen wusste, wird jetzt gepr\u00fcft. Gerade bei der Beauftragung von Subunternehmen m\u00fcssen Auftraggeber sehr genau hinschauen. Wer Verantwortung auslagert, tr\u00e4gt sie im Zweifel trotzdem mit&#8220;, so Oder.<\/p>\n<p>Zusatzinformation:<\/p>\n<p>Der Zoll tr\u00e4gt durch seine umfangreichen Pr\u00fcf- und Ermittlungsverfahren entscheidend zur Sicherung der Sozialsysteme und Staatseinnahmen bei und sorgt damit f\u00fcr faire Arbeits- und Wettbewerbsbedingungen.<br \/>\nDie Pr\u00fcfungen der Finanzkontrolle Schwarzarbeit erfolgen risikoorientiert und konzentrieren sich regelm\u00e4\u00dfig auch auf besonders von Schwarzarbeit betroffene Branchen wie die Geb\u00e4udereinigung.<\/p>\n<p class=\"contact-headline\">R\u00fcckfragen bitte an:<\/p>\n<p class=\"contact-text\">Hauptzollamt Kiel<br \/>Gabriele Oder<br \/>Telefon: 0431-20083-1106<br \/>Mobil: 016091162783<br \/>E-Mail: <a href=\"https:\/\/www.presseportal.de\/blaulicht\/pm\/121233\/mailto: presse.hza-kiel@zoll.bund.de\" class=\"uri-mailto\" rel=\"nofollow noopener\" target=\"_blank\"> presse.hza-kiel@zoll.bund.de<\/a><br \/><a target=\"_blank\" class=\"uri-ext outbound\" rel=\"noopener nofollow\" href=\"https:\/\/www.zoll.de\">www.zoll.de<\/a><\/p>\n<p class=\"originator\">Original-Content von: Hauptzollamt Kiel, \u00fcbermittelt durch news aktuell<\/p>\n","protected":false},"excerpt":{"rendered":"21.10.2025 \u2013 07:30 Hauptzollamt Kiel Kiel, Rendsburg-Eckernf\u00f6rde (ots) Die Finanzkontrolle Schwarzarbeit des Hauptzollamts Kiel hat am 17. Oktober&hellip;\n","protected":false},"author":2,"featured_media":515039,"comment_status":"","ping_status":"","sticky":false,"template":"","format":"standard","meta":{"footnotes":""},"categories":[1852],"tags":[3364,29,548,663,3934,30,13,4949,14,15,178,180,179,181,12,1971,5719,17990,2149,615],"class_list":{"0":"post-515038","1":"post","2":"type-post","3":"status-publish","4":"format-standard","5":"has-post-thumbnail","7":"category-kiel","8":"tag-de","9":"tag-deutschland","10":"tag-eu","11":"tag-europa","12":"tag-europe","13":"tag-germany","14":"tag-headlines","15":"tag-kiel","16":"tag-nachrichten","17":"tag-news","18":"tag-presse","19":"tag-pressemeldung","20":"tag-pressemitteilung","21":"tag-pressemitteilungen","22":"tag-schlagzeilen","23":"tag-schleswig-holstein","24":"tag-schwarzarbeit","25":"tag-sh","26":"tag-steuern","27":"tag-zoll"},"share_on_mastodon":{"url":"https:\/\/pubeurope.com\/@de\/115410587401021120","error":""},"_links":{"self":[{"href":"https:\/\/www.europesays.com\/de\/wp-json\/wp\/v2\/posts\/515038","targetHints":{"allow":["GET"]}}],"collection":[{"href":"https:\/\/www.europesays.com\/de\/wp-json\/wp\/v2\/posts"}],"about":[{"href":"https:\/\/www.europesays.com\/de\/wp-json\/wp\/v2\/types\/post"}],"author":[{"embeddable":true,"href":"https:\/\/www.europesays.com\/de\/wp-json\/wp\/v2\/users\/2"}],"replies":[{"embeddable":true,"href":"https:\/\/www.europesays.com\/de\/wp-json\/wp\/v2\/comments?post=515038"}],"version-history":[{"count":0,"href":"https:\/\/www.europesays.com\/de\/wp-json\/wp\/v2\/posts\/515038\/revisions"}],"wp:featuredmedia":[{"embeddable":true,"href":"https:\/\/www.europesays.com\/de\/wp-json\/wp\/v2\/media\/515039"}],"wp:attachment":[{"href":"https:\/\/www.europesays.com\/de\/wp-json\/wp\/v2\/media?parent=515038"}],"wp:term":[{"taxonomy":"category","embeddable":true,"href":"https:\/\/www.europesays.com\/de\/wp-json\/wp\/v2\/categories?post=515038"},{"taxonomy":"post_tag","embeddable":true,"href":"https:\/\/www.europesays.com\/de\/wp-json\/wp\/v2\/tags?post=515038"}],"curies":[{"name":"wp","href":"https:\/\/api.w.org\/{rel}","templated":true}]}}