{"id":515040,"date":"2025-10-21T05:49:11","date_gmt":"2025-10-21T05:49:11","guid":{"rendered":"https:\/\/www.europesays.com\/de\/515040\/"},"modified":"2025-10-21T05:49:11","modified_gmt":"2025-10-21T05:49:11","slug":"schlechte-sicht-macht-ausfahrt-in-burgstaedt-gefaehrlich","status":"publish","type":"post","link":"https:\/\/www.europesays.com\/de\/515040\/","title":{"rendered":"Schlechte Sicht macht Ausfahrt in Burgst\u00e4dt gef\u00e4hrlich"},"content":{"rendered":"<p class=\"bold\">\n\t\t\t\t\t\t\t\t\t\tEine Rentnerin f\u00e4hrt noch im Alter Auto und lebt im Wohnpark \u201eLindenhof\u201c. Doch die gef\u00e4hrliche Ausfahrt auf die Chemnitzer Stra\u00dfe tr\u00fcbt ihren Alltag. Jetzt greift die Enkelin ein und hat eine Idee.\t\t\t\t<\/p>\n<p>\t\t\t\t Seit April wohnt sie im Wohnpark \u201eLindenhof\u201c in Burgst\u00e4dt. Die Rentnerin ist noch fit und f\u00e4hrt selbst Auto. Ihren Namen will sie nicht in der Zeitung lesen. \u201eMit meinem Microcar bin ich mobil und selbstbestimmt\u201c, sagt die geb\u00fcrtige Clau\u00dfnitzerin. Doch genervt sei sie jedes Mal, wenn sie auf die Chemnitzer Stra\u00dfe ausfahren will. Meist&#8230;<\/p>\n<p>\t\t<img decoding=\"async\" class=\"fp-plus-logo\" src=\"https:\/\/www.freiepresse.de\/img\/fpplus.svg\" alt=\"Freie Presse plus Logo\"\/><\/p>\n<p>Registrieren und testen.<\/p>\n<p>Jetzt mit Ihrer Registrierung 1 Monat gratis testen und alle Beitr\u00e4ge lesen.<\/p>\n<p>Schon Abonnent? Melden Sie sich mit ihren Zugangsdaten an.<\/p>\n","protected":false},"excerpt":{"rendered":"Eine Rentnerin f\u00e4hrt noch im Alter Auto und lebt im Wohnpark \u201eLindenhof\u201c. Doch die gef\u00e4hrliche Ausfahrt auf die&hellip;\n","protected":false},"author":2,"featured_media":515041,"comment_status":"","ping_status":"","sticky":false,"template":"","format":"standard","meta":{"footnotes":""},"categories":[1851],"tags":[2770,3364,29,548,663,3934,30,13,14,15,859,12,5582],"class_list":{"0":"post-515040","1":"post","2":"type-post","3":"status-publish","4":"format-standard","5":"has-post-thumbnail","7":"category-chemnitz","8":"tag-chemnitz","9":"tag-de","10":"tag-deutschland","11":"tag-eu","12":"tag-europa","13":"tag-europe","14":"tag-germany","15":"tag-headlines","16":"tag-nachrichten","17":"tag-news","18":"tag-sachsen","19":"tag-schlagzeilen","20":"tag-verkehr-infrastruktur-bauen"},"share_on_mastodon":{"url":"https:\/\/pubeurope.com\/@de\/115410591403106159","error":""},"_links":{"self":[{"href":"https:\/\/www.europesays.com\/de\/wp-json\/wp\/v2\/posts\/515040","targetHints":{"allow":["GET"]}}],"collection":[{"href":"https:\/\/www.europesays.com\/de\/wp-json\/wp\/v2\/posts"}],"about":[{"href":"https:\/\/www.europesays.com\/de\/wp-json\/wp\/v2\/types\/post"}],"author":[{"embeddable":true,"href":"https:\/\/www.europesays.com\/de\/wp-json\/wp\/v2\/users\/2"}],"replies":[{"embeddable":true,"href":"https:\/\/www.europesays.com\/de\/wp-json\/wp\/v2\/comments?post=515040"}],"version-history":[{"count":0,"href":"https:\/\/www.europesays.com\/de\/wp-json\/wp\/v2\/posts\/515040\/revisions"}],"wp:featuredmedia":[{"embeddable":true,"href":"https:\/\/www.europesays.com\/de\/wp-json\/wp\/v2\/media\/515041"}],"wp:attachment":[{"href":"https:\/\/www.europesays.com\/de\/wp-json\/wp\/v2\/media?parent=515040"}],"wp:term":[{"taxonomy":"category","embeddable":true,"href":"https:\/\/www.europesays.com\/de\/wp-json\/wp\/v2\/categories?post=515040"},{"taxonomy":"post_tag","embeddable":true,"href":"https:\/\/www.europesays.com\/de\/wp-json\/wp\/v2\/tags?post=515040"}],"curies":[{"name":"wp","href":"https:\/\/api.w.org\/{rel}","templated":true}]}}